{"id":8815,"date":"2023-11-05T11:52:54","date_gmt":"2023-11-05T10:52:54","guid":{"rendered":"https:\/\/lvbet.pl\/blog\/?p=8815"},"modified":"2023-11-06T07:03:26","modified_gmt":"2023-11-06T06:03:26","slug":"profesjonalne-zaklady-na-wydarzenia-edukacyjne-w-polsce","status":"publish","type":"post","link":"https:\/\/lvbet.pl\/blog\/profesjonalne-zaklady-na-wydarzenia-edukacyjne-w-polsce\/","title":{"rendered":"Profesjonalne Zak\u0142ady na Wydarzenia Edukacyjne w Polsce"},"content":{"rendered":"<p><b>Kongres Edukacja i Rozw\u00f3j<\/b> to jedno z najwa\u017cniejszych wydarze\u0144 edukacyjnych w Polsce, kt\u00f3re odbywa si\u0119 co roku. Organizowany przez Wolters Kluwer Polska, Kongres stanowi doskona\u0142\u0105 okazj\u0119 do wymiany wiedzy, do\u015bwiadcze\u0144 i nawi\u0105zania kontakt\u00f3w w\u015br\u00f3d przedstawicieli \u015brodowiska o\u015bwiatowego w naszym kraju.<\/p>\n<p>X edycja Kongresu Edukacja i Rozw\u00f3j odb\u0119dzie si\u0119 19-20 pa\u017adziernika 2023 r. w malowniczym Kazimierzu Dolnym. Wydarzenie skupi si\u0119 na kluczowych wyzwaniach zwi\u0105zanych z zarz\u0105dzaniem o\u015bwiat\u0105, takich jak zmiany w prawie, pomoc psychologiczno-pedagogiczna dla uczni\u00f3w, zatrudnianie nauczycieli czy <b>sytuacje kryzysowe w szkole<\/b>. Niezale\u017cnie od tego, czy jeste\u015b dyrektorem szko\u0142y, pedagogiem, pracownikiem samorz\u0105dowym czy przedstawicielem instytucji wspieraj\u0105cych o\u015bwiat\u0119, <b>Kongres Edukacja i Rozw\u00f3j<\/b> zapewni Ci warto\u015bciowe informacje i inspiracj\u0119 do dalszego rozwoju.<\/p>\n<h3>Najwa\u017cniejsze informacje na temat Kongresu Edukacja i Rozw\u00f3j:<\/h3>\n<ul>\n<li>Kongres odb\u0119dzie si\u0119 19-20 pa\u017adziernika 2023 r. w Kazimierzu Dolnym<\/li>\n<li>Omawiane b\u0119d\u0105 kluczowe wyzwania zwi\u0105zane z zarz\u0105dzaniem o\u015bwiat\u0105<\/li>\n<li>Wydarzenie skierowane jest do przedstawicieli \u015brodowiska o\u015bwiatowego w Polsce<\/li>\n<li>Zapewniona b\u0119dzie mo\u017cliwo\u015b\u0107 wymiany wiedzy, do\u015bwiadcze\u0144 i nawi\u0105zania kontakt\u00f3w<\/li>\n<li>Kongres organizowany jest przez firm\u0119 Wolters Kluwer Polska<\/li>\n<\/ul>\n<h2>Kongres Edukacja i Rozw\u00f3j 2023 &#8211; Wyzwania dla JST i Szk\u00f3\u0142<\/h2>\n<p>W X edycji Kongresu Edukacja i Rozw\u00f3j skupimy si\u0119 na bie\u017c\u0105cych i planowanych zmianach w prawie, kt\u00f3re maj\u0105 wp\u0142yw na organy prowadz\u0105ce, jednostki obs\u0142uguj\u0105ce i plac\u00f3wki o\u015bwiatowe. W czasie wydarzenia om\u00f3wimy r\u00f3wnie\u017c wyzwania zwi\u0105zane z pomoc\u0105 psychologiczno-pedagogiczn\u0105 dla uczni\u00f3w, zatrudnianiem nauczycieli, sytuacjami kryzysowymi w szkole oraz optymalizacj\u0105 finans\u00f3w JST. Czekaj\u0105 nas interesuj\u0105ce prelekcje, panele dyskusyjne oraz mo\u017cliwo\u015b\u0107 wymiany do\u015bwiadcze\u0144 i kontakt\u00f3w z przedstawicielami \u015brodowiska o\u015bwiatowego.<\/p>\n<p>Podczas Kongresu Edukacja i Rozw\u00f3j 2023 tematy zwi\u0105zane z zarz\u0105dzaniem o\u015bwiat\u0105 b\u0119d\u0105 omawiane przez ekspert\u00f3w i praktyk\u00f3w. W\u015br\u00f3d g\u0142\u00f3wnych temat\u00f3w znajduje si\u0119 <b>wsp\u00f3\u0142praca organu prowadz\u0105cego z dyrektorem<\/b> szko\u0142y, <b>optymalizacja finans\u00f3w JST<\/b>, pomoc psychologiczno-pedagogiczna dla uczni\u00f3w czy rekrutacja nauczycieli. Wydarzenie ma na celu nie tylko analiz\u0119 aktualnych wyzwa\u0144, ale tak\u017ce poszukiwanie rozwi\u0105za\u0144 i inspiracji, kt\u00f3re mog\u0105 poprawi\u0107 jako\u015b\u0107 dzia\u0142ania plac\u00f3wek o\u015bwiatowych.<\/p>\n<p><b>Kongres Edukacja i Rozw\u00f3j<\/b> 2023 to doskona\u0142a okazja dla przedstawicieli jednostek samorz\u0105du terytorialnego, dyrektor\u00f3w szk\u00f3\u0142, nauczycieli oraz innych profesjonalist\u00f3w zwi\u0105zanych z o\u015bwiat\u0105, aby poszerzy\u0107 swoj\u0105 wiedz\u0119 i umiej\u0119tno\u015bci. Warto wzi\u0105\u0107 udzia\u0142 w tym wydarzeniu, aby by\u0107 na bie\u017c\u0105co z najnowszymi trendami i zmianami w dziedzinie zarz\u0105dzania o\u015bwiat\u0105 oraz mie\u0107 mo\u017cliwo\u015b\u0107 networkingowej interakcji z innymi specjalistami z bran\u017cy.<\/p>\n<table>\n<tr>\n<th>Wyzwania dla JST<\/th>\n<th>Wyzwania dla szk\u00f3\u0142<\/th>\n<\/tr>\n<tr>\n<td>Optymalizacja finans\u00f3w<\/td>\n<td><b>Wsp\u00f3\u0142praca organu prowadz\u0105cego z dyrektorem<\/b><\/td>\n<\/tr>\n<tr>\n<td>Zmiany w prawie o\u015bwiatowym<\/td>\n<td>Pomoc psychologiczno-pedagogiczna dla uczni\u00f3w<\/td>\n<\/tr>\n<tr>\n<td>&#8211;<\/td>\n<td>Zatrudnianie nauczycieli<\/td>\n<\/tr>\n<tr>\n<td>&#8211;<\/td>\n<td><b>Sytuacje kryzysowe w szkole<\/b><\/td>\n<\/tr>\n<\/table>\n<h2>Tematyka X edycji Kongresu Edukacja i Rozw\u00f3j<\/h2>\n<p>Na X edycji Kongresu Edukacja i Rozw\u00f3j poruszane b\u0119d\u0105 tematy zwi\u0105zane z wykorzystaniem sztucznej inteligencji w o\u015bwiacie, bie\u017c\u0105cymi i projektowanymi zmianami w prawie o\u015bwiatowym, wsp\u00f3\u0142prac\u0105 organu prowadz\u0105cego z dyrektorem, konkursami na dyrektor\u00f3w szk\u00f3\u0142, optymalizacj\u0105 finans\u00f3w JST, pomoc\u0105 psychologiczno-pedagogiczn\u0105 dla uczni\u00f3w oraz sytuacjami kryzysowymi w szkole. W celu sprostania coraz wi\u0119kszym wyzwaniom w dziedzinie edukacji, konferencja skupi si\u0119 na tematach najbardziej istotnych dla \u015brodowiska o\u015bwiatowego w Polsce.<\/p>\n<p>W jednym z paneli dyskusyjnych zostanie om\u00f3wione zastosowanie sztucznej inteligencji w o\u015bwiacie. Eksperci przedstawi\u0105 r\u00f3\u017cne metody wykorzystania tej technologii w procesie nauczania, monitoringu post\u0119p\u00f3w uczni\u00f3w oraz personalizacji edukacji. B\u0119dzie to doskona\u0142a okazja do zapoznania si\u0119 z najnowszymi trendami i innowacjami w tym obszarze.<\/p>\n<p>Kongres po\u015bwi\u0119ci r\u00f3wnie\u017c wiele uwagi zmianom w prawie o\u015bwiatowym. Uczestnicy b\u0119d\u0105 mieli mo\u017cliwo\u015b\u0107 om\u00f3wienia najwa\u017cniejszych nowelizacji i ich wp\u0142ywu na plac\u00f3wki o\u015bwiatowe. Zaprezentowane zostan\u0105 tak\u017ce planowane zmiany, kt\u00f3re mog\u0105 mie\u0107 du\u017ce znaczenie dla \u015brodowiska edukacyjnego w Polsce.<\/p>\n<p>W trakcie Kongresu om\u00f3wiona zostanie r\u00f3wnie\u017c tematyka dotycz\u0105ca wsp\u00f3\u0142pracy organu prowadz\u0105cego z dyrektorem szko\u0142y. Eksperci przedstawi\u0105 najlepsze praktyki i strategie, kt\u00f3re mog\u0105 przyczyni\u0107 si\u0119 do efektywnej i harmonijnej wsp\u00f3\u0142pracy pomi\u0119dzy tymi dwoma podmiotami. <b>Konkurs na dyrektora szko\u0142y<\/b> to kolejny istotny temat, kt\u00f3ry b\u0119dzie omawiany na Kongresie. Prezentacje i warsztaty po\u015bwi\u0119cone temu zagadnieniu pomog\u0105 uczestnikom zdoby\u0107 wiedz\u0119 i umiej\u0119tno\u015bci potrzebne do skutecznej rekrutacji i oceny kandydat\u00f3w na stanowisko dyrektora szko\u0142y.<\/p>\n<table>\n<tr>\n<th>Tematyka Kongresu Edukacja i Rozw\u00f3j<\/th>\n<th>SEO Keywords<\/th>\n<\/tr>\n<tr>\n<td><b>Sztuczna inteligencja w o\u015bwiacie<\/b><\/td>\n<td><b>sztuczna inteligencja w o\u015bwiacie<\/b><\/td>\n<\/tr>\n<tr>\n<td><b>Zmiany w prawie w o\u015bwiacie<\/b><\/td>\n<td><b>zmiany w prawie w o\u015bwiacie<\/b><\/td>\n<\/tr>\n<tr>\n<td><b>Wsp\u00f3\u0142praca organu prowadz\u0105cego z dyrektorem<\/b><\/td>\n<td>wsp\u00f3\u0142praca organu prowadz\u0105cego z dyrektorem<\/td>\n<\/tr>\n<tr>\n<td><b>Konkurs na dyrektora szko\u0142y<\/b><\/td>\n<td><b>konkurs na dyrektora szko\u0142y<\/b><\/td>\n<\/tr>\n<tr>\n<td><b>Optymalizacja finans\u00f3w JST<\/b><\/td>\n<td><b>optymalizacja finans\u00f3w JST<\/b><\/td>\n<\/tr>\n<tr>\n<td><b>Pomoc psychologiczno-pedagogiczna w praktyce<\/b><\/td>\n<td><b>pomoc psychologiczno-pedagogiczna w praktyce<\/b><\/td>\n<\/tr>\n<tr>\n<td><b>Sytuacje kryzysowe w szkole<\/b><\/td>\n<td>sytuacje kryzysowe w szkole<\/td>\n<\/tr>\n<\/table>\n<h2>Partnerzy i Patroni X edycji Kongresu Edukacja i Rozw\u00f3j<\/h2>\n<p>X edycja Kongresu Edukacja i Rozw\u00f3j to wa\u017cne wydarzenie dla \u015brodowiska o\u015bwiatowego w Polsce. Kongres ma zaszczyt mie\u0107 partner\u00f3w, kt\u00f3rzy wsp\u00f3\u0142pracuj\u0105 w organizacji tego presti\u017cowego wydarzenia. <b>Partnerzy Kongresu Edukacja i Rozw\u00f3j<\/b> to renomowane firmy i instytucje zwi\u0105zane z o\u015bwiat\u0105, kt\u00f3re wnios\u0105 swoje do\u015bwiadczenie i wiedz\u0119 na ten temat.<\/p>\n<p>Jeste\u015bmy dumni, \u017ce mo\u017cemy wsp\u00f3\u0142pracowa\u0107 z takimi partnerami jak:<\/p>\n<blockquote>\n<p>&#8222;Nasza firma cieszy si\u0119, \u017ce mo\u017ce by\u0107 partnerem X edycji Kongresu Edukacja i Rozw\u00f3j. Jest to doskona\u0142a okazja do wymiany wiedzy i do\u015bwiadcze\u0144 w\u015br\u00f3d przedstawicieli \u015brodowiska o\u015bwiatowego. Wierzymy, \u017ce nasza wsp\u00f3\u0142praca przyczyni si\u0119 do dalszego rozwoju edukacji w Polsce.&#8221;<\/p>\n<p><cite>&#8211; Przedstawiciel Firmy Partnera<\/cite>\n<\/p><\/blockquote>\n<p>Ponadto, Kongres Edukacja i Rozw\u00f3j ma r\u00f3wnie\u017c patron\u00f3w honorowych, kt\u00f3rzy popieraj\u0105 i promuj\u0105 to presti\u017cowe wydarzenie. Patroni to osoby i instytucje, kt\u00f3re maj\u0105 du\u017ce znaczenie dla \u015brodowiska o\u015bwiatowego w Polsce. Dzi\u0119ki ich wsparciu Kongres zyskuje jeszcze wi\u0119ksz\u0105 warto\u015b\u0107.<\/p>\n<p>W\u015br\u00f3d patron\u00f3w honorowych X edycji Kongresu Edukacja i Rozw\u00f3j znajduj\u0105 si\u0119 takie postacie jak:<\/p>\n<blockquote>\n<p>&#8222;Cieszymy si\u0119, \u017ce mo\u017cemy by\u0107 patronem X edycji Kongresu Edukacja i Rozw\u00f3j. Edukacja to kluczowy obszar, kt\u00f3ry wymaga sta\u0142ej uwagi i rozwoju. Jeste\u015bmy dumni, \u017ce mo\u017cemy wspiera\u0107 to wa\u017cne wydarzenie, kt\u00f3re przyczynia si\u0119 do doskonalenia polskiego systemu o\u015bwiaty.&#8221;<\/p>\n<p><cite>&#8211; Patron Honorowy<\/cite>\n<\/p><\/blockquote>\n<table>\n<thead>\n<tr>\n<th>Partnerzy Kongresu Edukacja i Rozw\u00f3j<\/th>\n<th>Patroni Honorowi Kongresu Edukacja i Rozw\u00f3j<\/th>\n<\/tr>\n<\/thead>\n<tbody>\n<tr>\n<td>Firma A<\/td>\n<td>Osoba A<\/td>\n<\/tr>\n<tr>\n<td>Firma B<\/td>\n<td>Institution A<\/td>\n<\/tr>\n<tr>\n<td>Firma C<\/td>\n<td>Osoba B<\/td>\n<\/tr>\n<tr>\n<td>Firma D<\/td>\n<td>Institution B<\/td>\n<\/tr>\n<\/tbody>\n<\/table>\n<h2>Wniosek<\/h2>\n<p>Kongres Edukacja i Rozw\u00f3j jest niezwykle istotnym wydarzeniem dla \u015brodowiska o\u015bwiatowego w Polsce. Zapewnia on mo\u017cliwo\u015b\u0107 wymiany wiedzy, nawi\u0105zania kontakt\u00f3w oraz om\u00f3wienia najwa\u017cniejszych wyzwa\u0144 zwi\u0105zanych z zarz\u0105dzaniem o\u015bwiat\u0105. Kongres Edukacja i Rozw\u00f3j to doskona\u0142a okazja dla wszystkich zainteresowanych tematyk\u0105 edukacyjn\u0105 do wzi\u0119cia udzia\u0142u w X edycji tego wydarzenia, kt\u00f3ra odb\u0119dzie si\u0119 w pa\u017adzierniku 2023 r. w malowniczym Kazimierzu Dolnym.<\/p>\n<p>Warto wzi\u0105\u0107 udzia\u0142 w Kongresie, aby spotka\u0107 si\u0119 z innymi bran\u017cowymi profesjonalistami, zdoby\u0107 now\u0105 wiedz\u0119 i podzieli\u0107 si\u0119 swoimi do\u015bwiadczeniami. Podczas Kongresu poruszane b\u0119d\u0105 tematy zwi\u0105zane z wykorzystaniem sztucznej inteligencji w o\u015bwiacie, aktualnymi zmianami w prawie o\u015bwiatowym, wsp\u00f3\u0142prac\u0105 organu prowadz\u0105cego z dyrektorem, konkursami na dyrektor\u00f3w szk\u00f3\u0142, optymalizacj\u0105 finans\u00f3w JST, pomoc\u0105 psychologiczno-pedagogiczn\u0105 dla uczni\u00f3w oraz sytuacjami kryzysowymi w szkole.<\/p>\n<p>Nie przegap tej znakomitej okazji do rozwoju, wymiany wiedzy i wsp\u00f3\u0142pracy z innymi profesjonalistami w dziedzinie edukacji. Do\u0142\u0105cz do nas na X edycji Kongresu Edukacja i Rozw\u00f3j i wzbogacz swoje do\u015bwiadczenie!<\/p>\n<div itemscope itemprop=\"mainEntity\" itemtype=\"https:\/\/schema.org\/FAQPage\">\n<h2>FAQ<\/h2>\n<div itemscope itemprop=\"mainEntity\" itemtype=\"https:\/\/schema.org\/Question\">\n<h3 itemprop=\"name\">Kiedy odb\u0119dzie si\u0119 X edycja Kongresu Edukacja i Rozw\u00f3j?<\/h3>\n<div itemscope itemprop=\"acceptedAnswer\" itemtype=\"https:\/\/schema.org\/Answer\">\n<div itemprop=\"text\">\n<p>X edycja Kongresu odb\u0119dzie si\u0119 19-20 pa\u017adziernika 2023 r. w Kazimierzu Dolnym.<\/p>\n<\/div>\n<\/div>\n<\/div>\n<div itemscope itemprop=\"mainEntity\" itemtype=\"https:\/\/schema.org\/Question\">\n<h3 itemprop=\"name\">Jakie tematy b\u0119d\u0105 omawiane na Kongresie Edukacja i Rozw\u00f3j?<\/h3>\n<div itemscope itemprop=\"acceptedAnswer\" itemtype=\"https:\/\/schema.org\/Answer\">\n<div itemprop=\"text\">\n<p>Na Kongresie omawiane b\u0119d\u0105 kluczowe wyzwania zwi\u0105zane z zarz\u0105dzaniem o\u015bwiat\u0105, takie jak zmiany w prawie, pomoc psychologiczno-pedagogiczna dla uczni\u00f3w, zatrudnianie nauczycieli, sytuacje kryzysowe w szkole i wiele innych.<\/p>\n<\/div>\n<\/div>\n<\/div>\n<div itemscope itemprop=\"mainEntity\" itemtype=\"https:\/\/schema.org\/Question\">\n<h3 itemprop=\"name\">Jakie s\u0105 partnerzy i patroni honorowi Kongresu Edukacja i Rozw\u00f3j?<\/h3>\n<div itemscope itemprop=\"acceptedAnswer\" itemtype=\"https:\/\/schema.org\/Answer\">\n<div itemprop=\"text\">\n<p>Partnerami Kongresu s\u0105 r\u00f3\u017cne firmy i instytucje, kt\u00f3re wsp\u00f3\u0142pracuj\u0105 w organizacji wydarzenia. Patroni honorowi to osoby i instytucje, kt\u00f3re popieraj\u0105 i promuj\u0105 Kongres Edukacja i Rozw\u00f3j.<\/p>\n<\/div>\n<\/div>\n<\/div>\n<div itemscope itemprop=\"mainEntity\" itemtype=\"https:\/\/schema.org\/Question\">\n<h3 itemprop=\"name\">Dlaczego warto wzi\u0105\u0107 udzia\u0142 w Kongresie Edukacja i Rozw\u00f3j?<\/h3>\n<div itemscope itemprop=\"acceptedAnswer\" itemtype=\"https:\/\/schema.org\/Answer\">\n<div itemprop=\"text\">\n<p>Kongres Edukacja i Rozw\u00f3j to doskona\u0142a okazja do wymiany wiedzy, do\u015bwiadcze\u0144 i nawi\u0105zania kontakt\u00f3w w\u015br\u00f3d przedstawicieli \u015brodowiska o\u015bwiatowego w Polsce.<\/p>\n<\/div>\n<\/div>\n<\/div>\n<div itemscope itemprop=\"mainEntity\" itemtype=\"https:\/\/schema.org\/Question\">\n<h3 itemprop=\"name\">Gdzie odb\u0119dzie si\u0119 X edycja Kongresu Edukacja i Rozw\u00f3j?<\/h3>\n<div itemscope itemprop=\"acceptedAnswer\" itemtype=\"https:\/\/schema.org\/Answer\">\n<div itemprop=\"text\">\n<p>X edycja Kongresu odb\u0119dzie si\u0119 w Kazimierzu Dolnym.<\/p>\n<\/div>\n<\/div>\n<\/div>\n<div itemscope itemprop=\"mainEntity\" itemtype=\"https:\/\/schema.org\/Question\">\n<h3 itemprop=\"name\">Jakie s\u0105 najwa\u017cniejsze tematy omawiane na X edycji Kongresu Edukacja i Rozw\u00f3j?<\/h3>\n<div itemscope itemprop=\"acceptedAnswer\" itemtype=\"https:\/\/schema.org\/Answer\">\n<div itemprop=\"text\">\n<p>Na X edycji Kongresu Edukacja i Rozw\u00f3j poruszane b\u0119d\u0105 tematy zwi\u0105zane z wykorzystaniem sztucznej inteligencji w o\u015bwiacie, bie\u017c\u0105cymi i projektowanymi zmianami w prawie o\u015bwiatowym, wsp\u00f3\u0142prac\u0105 organu prowadz\u0105cego z dyrektorem, konkursami na dyrektor\u00f3w szk\u00f3\u0142, optymalizacj\u0105 finans\u00f3w JST, pomoc\u0105 psychologiczno-pedagogiczn\u0105 dla uczni\u00f3w, sytuacjami kryzysowymi w szkole i wieloma innymi aspektami zarz\u0105dzania o\u015bwiat\u0105.<\/p>\n<\/div>\n<\/div>\n<\/div>\n<div itemscope itemprop=\"mainEntity\" itemtype=\"https:\/\/schema.org\/Question\">\n<h3 itemprop=\"name\">Kto powinien wzi\u0105\u0107 udzia\u0142 w Kongresie Edukacja i Rozw\u00f3j?<\/h3>\n<div itemscope itemprop=\"acceptedAnswer\" itemtype=\"https:\/\/schema.org\/Answer\">\n<div itemprop=\"text\">\n<p>Wszyscy zainteresowani tematyk\u0105 edukacyjn\u0105 powinni wzi\u0105\u0107 udzia\u0142 w X edycji Kongresu Edukacja i Rozw\u00f3j, kt\u00f3ra odb\u0119dzie si\u0119 w pa\u017adzierniku 2023 r. w Kazimierzu Dolnym.<\/p>\n<\/div>\n<\/div>\n<\/div>\n<\/div>\n","protected":false},"excerpt":{"rendered":"<p>Kongres Edukacja i Rozw\u00f3j to jedno z najwa\u017cniejszych wydarze\u0144 edukacyjnych w Polsce, kt\u00f3re odbywa si\u0119 co roku. Organizowany przez Wolters &hellip;<\/p><\/div>\n<div class=\"read-more\"> <a class=\"\" href=\"https:\/\/lvbet.pl\/blog\/profesjonalne-zaklady-na-wydarzenia-edukacyjne-w-polsce\/\"> <span class=\"screen-reader-text\">Profesjonalne Zak\u0142ady na Wydarzenia Edukacyjne w Polsce<\/span> Czytaj wi\u0119cej<\/a><\/p>\n","protected":false},"author":9,"featured_media":0,"comment_status":"closed","ping_status":"open","sticky":false,"template":"","format":"standard","meta":{"_acf_changed":false,"fifu_image_url":"","fifu_image_alt":"","footnotes":""},"categories":[9],"tags":[],"class_list":["post-8815","post","type-post","status-publish","format-standard","hentry","category-slownik-bukmacherski"],"acf":[],"_links":{"self":[{"href":"https:\/\/blog.lvbet.pl\/wp-json\/wp\/v2\/posts\/8815","targetHints":{"allow":["GET","POST","PUT","PATCH"]}}],"collection":[{"href":"https:\/\/blog.lvbet.pl\/wp-json\/wp\/v2\/posts"}],"about":[{"href":"https:\/\/blog.lvbet.pl\/wp-json\/wp\/v2\/types\/post"}],"author":[{"embeddable":true,"href":"https:\/\/blog.lvbet.pl\/wp-json\/wp\/v2\/users\/9"}],"replies":[{"embeddable":true,"href":"https:\/\/blog.lvbet.pl\/wp-json\/wp\/v2\/comments?post=8815"}],"version-history":[{"count":1,"href":"https:\/\/blog.lvbet.pl\/wp-json\/wp\/v2\/posts\/8815\/revisions"}],"predecessor-version":[{"id":8973,"href":"https:\/\/blog.lvbet.pl\/wp-json\/wp\/v2\/posts\/8815\/revisions\/8973"}],"wp:attachment":[{"href":"https:\/\/blog.lvbet.pl\/wp-json\/wp\/v2\/media?parent=8815"}],"wp:term":[{"taxonomy":"category","embeddable":true,"href":"https:\/\/blog.lvbet.pl\/wp-json\/wp\/v2\/categories?post=8815"},{"taxonomy":"post_tag","embeddable":true,"href":"https:\/\/blog.lvbet.pl\/wp-json\/wp\/v2\/tags?post=8815"}],"curies":[{"name":"wp","href":"https:\/\/api.w.org\/{rel}","templated":true}]}}