{"id":26535,"date":"2025-02-27T10:46:23","date_gmt":"2025-02-27T09:46:23","guid":{"rendered":"https:\/\/lvbet.pl\/blog\/?p=26535"},"modified":"2025-02-27T10:52:07","modified_gmt":"2025-02-27T09:52:07","slug":"halowe-me-w-lekkoatletyce-apeldoorn-2025","status":"publish","type":"post","link":"https:\/\/lvbet.pl\/blog\/halowe-me-w-lekkoatletyce-apeldoorn-2025\/","title":{"rendered":"38 HALOWE MISTRZOSTWA EUROPY W LEKKOATLETYCE APELDOORN 2025"},"content":{"rendered":"<p><strong>Najwa\u017cniejsza impreza lekkoatletyczna w sezonie zimowym zbli\u017ca si\u0119 wielkimi krokami! 38. Halowe Mistrzostwa Europy w Lekkoatletyce Apeldoorn to te\u017c \u015bwietna mo\u017cliwo\u015b\u0107 sprawdzenia mo\u017cliwo\u015bci przed mistrzostwami \u015bwiata, kt\u00f3re odb\u0119d\u0105 si\u0119 dwa tygodnie p\u00f3\u017aniej w Chinach. Typuj lekkoatletyk\u0119 w LV BET!<\/strong><\/p>\n<h2><b>38 HALOWE MISTRZOSTWA EUROPY &#8211; NAJWA\u017bNIEJSZE INFORMACJE\u00a0<\/b><\/h2>\n<p><span style=\"font-weight: 400;\"><img loading=\"lazy\" decoding=\"async\" class=\"size-medium wp-image-26536 alignleft\" src=\"https:\/\/lvbet.pl\/blog\/wp-content\/uploads\/2025\/02\/blog-38-Halowe-Mistrzostwa-Europy-w-lekkoatetyce-Apeldoorn-2025-400x160.webp\" alt=\"38 Halowe Mistrzostwa Europy w lekkoatletyce Apeldoorn 2025 | LV BET Blog\" width=\"400\" height=\"160\" srcset=\"https:\/\/blog.lvbet.pl\/wp-content\/uploads\/2025\/02\/blog-38-Halowe-Mistrzostwa-Europy-w-lekkoatetyce-Apeldoorn-2025-400x160.webp 400w, https:\/\/blog.lvbet.pl\/wp-content\/uploads\/2025\/02\/blog-38-Halowe-Mistrzostwa-Europy-w-lekkoatetyce-Apeldoorn-2025-1024x410.webp 1024w, https:\/\/blog.lvbet.pl\/wp-content\/uploads\/2025\/02\/blog-38-Halowe-Mistrzostwa-Europy-w-lekkoatetyce-Apeldoorn-2025-768x308.webp 768w, https:\/\/blog.lvbet.pl\/wp-content\/uploads\/2025\/02\/blog-38-Halowe-Mistrzostwa-Europy-w-lekkoatetyce-Apeldoorn-2025-1536x615.webp 1536w, https:\/\/blog.lvbet.pl\/wp-content\/uploads\/2025\/02\/blog-38-Halowe-Mistrzostwa-Europy-w-lekkoatetyce-Apeldoorn-2025.webp 1920w\" sizes=\"auto, (max-width: 400px) 100vw, 400px\" \/><strong>Lekkoatletyczny sezon halowy 2025<\/strong> ma dwa punkty kulminacyjne \u2013 mistrzostwa Europy w Apeldoorn oraz mistrzostwa \u015bwiata, kt\u00f3re odb\u0119d\u0105 si\u0119 w drugiej po\u0142owie marca w chi\u0144skim Nankin (planowanych pocz\u0105tkowo na zim\u0119 2020 r.) Pierwszym sprawdzianem sportowc\u00f3w ze Starego Kontynentu b\u0119d\u0105 ME. Zmagania czempionatu zorganizuje European Athletics. <\/span><strong>B\u0119dzie to 38. edycja Halowych Mistrzostw Europy w Lekkoatletyce 2025.<\/strong><\/p>\n<p><span style=\"font-weight: 400;\">Czterodniowe zawody obejm\u0105 trzyna\u015bcie m\u0119skich i trzyna\u015bcie kobiecych konkurencji lekkoatletycznych. Rozgrywane b\u0119d\u0105 podczas trzech porannych i czterech popo\u0142udniowych sesji. <\/span><span style=\"font-weight: 400;\">Holandia b\u0119dzie gospodarzem ME po raz trzeci w historii. Wcze\u015bniej zorganizowa\u0142a zawody w Rotterdamie w 1973 r. oraz w Hadze w 1989 r.<\/span><\/p>\n<h3><b>KIEDY ODB\u0118D\u0104 SI\u0118 LEKKOATLETYCZNE HALOWE ME 2025<\/b><\/h3>\n<p><span style=\"font-weight: 400;\">38 Halowe Mistrzostwa Europy odb\u0119d\u0105 si\u0119 w <strong>hali Omnisport Apeldoorn w dniach 6-9 marca 2025 r<\/strong>.<\/span><span style=\"font-weight: 400;\"> Starcia zaplanowane s\u0105 w po\u0142o\u017conym ok. 100 kilometr\u00f3w na wsch\u00f3d od Amsterdamu mie\u015bcie, w wielofunkcyjnej hali Omnisport Apeldoorn.<\/span><\/p>\n<h3><b>JAKIE KONKURENCJE W PROGRAMIE HALOWYCH MISTRZOSTW EUROPY<\/b><\/h3>\n<p><span style=\"font-weight: 400;\">Podczas zmaga\u0144 na hali zar\u00f3wno kobiety, jak m\u0119\u017cczy\u017ani powalcz\u0105 w 13 konkurencjach. B\u0119d\u0105 si\u0119 one r\u00f3\u017cni\u0142y w zale\u017cno\u015bci od p\u0142ci.<\/span><\/p>\n<ul>\n<li><span style=\"font-weight: 400;\"><strong>Konkurencje kobiece:<\/strong> 60 m, 400 m, 800 m, 1500 m, 3000 m, 60 m z przeszkodami, 4 x 400 m, skok wzwy\u017c, skok o tyczne, skok w dal, tr\u00f3jskok, pchni\u0119cie kul\u0105, pi\u0119ciob\u00f3j<\/span><\/li>\n<li><span style=\"font-weight: 400;\"><strong>Konkurencje m\u0119skie:<\/strong> 60 m, 400 m, 800 m, 1500 m, 3000 m, 60 m z przeszkodami, 4 x 400 m, skok wzwy\u017c, skok o tyczne, skok w dal, tr\u00f3jskok, pchni\u0119cie kul\u0105, siedmiob\u00f3j<\/span><\/li>\n<\/ul>\n<h2><b>KLASYFIKACJA MEDALOWA HALOWYCH ME 2023<\/b><\/h2>\n<p><span style=\"font-weight: 400;\">Najwi\u0119cej kr\u0105\u017ck\u00f3w podczas Mistrzostw Europy w Stambule zgarn\u0119li Norwegowie. W sumie si\u0119gn\u0119li po 5 medali, w tym 4 z\u0142ote i 1 srebrny. Na podium tej klasyfikacji stan\u0119li r\u00f3wnie\u017c Holendrzy (7 medali: 3 z\u0142ote, 3 srebrne, 1 br\u0105zowy) oraz reprezentanci Wielkiej Brytanii (6 medali: 3 z\u0142ote, 1 srebrny, 2 br\u0105zowe).<\/span><\/p>\n<p><span style=\"font-weight: 400;\">Polacy wr\u00f3cili do kraju z 15. miejscem i 7 kr\u0105\u017ckami (4 srebrnymi i 3 br\u0105zowymi). <strong>Si\u0119gn\u0119li po nie:<\/strong> Piotr Lisek (srebro), Ewa Swoboda (srebro), Adrianna Su\u0142ek (srebro), Sofia Ennaoui (br\u0105z), sztafeta kobiet (br\u0105z).<\/span><\/p>\n<h2><b>KADRA REPREZENTACJI POLSKI NA HME 2025<\/b><\/h2>\n<p><span style=\"font-weight: 400;\">Poznali\u015bmy nazwiska 29 zawodniczek i zawodnik\u00f3w, kt\u00f3rych powo\u0142a\u0142 <strong>Polski Zwi\u0105zek Lekkiej Atletyki<\/strong> do startu w halowych mistrzostwach Europy. Do holenderskiego Apeldoorn wybior\u0105 si\u0119 gwiazdy \u015bwiatowego formatu, jak Ewa Swoboda, Pia Skrzyszowska, Piotr Lisek, Konrad Bukowiecki, czy Jakub Szyma\u0144ski, ale te\u017c m\u0142odzi zawodnicy. W\u015br\u00f3d tych drugich mo\u017cna wymieni\u0107 trzech biegaczy na 800 m. Eksperci wskazuj\u0105, \u017ce obiecuj\u0105co mo\u017ce zaprezentowa\u0107 si\u0119 r\u00f3wnie\u017c Anna Wielgosz. Ostatnio pokaza\u0142a si\u0119 ze \u015bwietnej strony na mistrzostwach kraju w Arenie Toru\u0144. P\u0142otkarz Jakub Szyma\u0144ski za\u015b w tym sezonie dwukrotnie poprawi\u0142 rekord Polski. Uzyska\u0142 czas 7.39, kt\u00f3ry jest najlepszym w tym roku wynikiem w Europie oraz drugim w historii lekkiej atletyki w Europie. <\/span><strong>Sk\u0142ad reprezentacji Polski na Halowe Mistrzostwa Europy:<\/strong><\/p>\n<p><b>Kobiety<\/b><\/p>\n<ul>\n<li><span style=\"font-weight: 400;\">Aleksandra Piotrowska, bieg na 60 metr\u00f3w<\/span><\/li>\n<li><span style=\"font-weight: 400;\">Ewa Swoboda, bieg na 60 metr\u00f3w<\/span><\/li>\n<li><span style=\"font-weight: 400;\">Anastazja Ku\u015b, bieg na 400 metr\u00f3w<\/span><\/li>\n<li><span style=\"font-weight: 400;\">Justyna \u015awi\u0119ty-Ersetic, bieg na 400 metr\u00f3w<\/span><\/li>\n<li><span style=\"font-weight: 400;\">Aleksandra Formella, bieg na 800 metr\u00f3w<\/span><\/li>\n<li><span style=\"font-weight: 400;\">Angelika Sarna, bieg na 800 metr\u00f3w<\/span><\/li>\n<li><span style=\"font-weight: 400;\">Anna Wielgosz, bieg na 800 metr\u00f3w<\/span><\/li>\n<li><span style=\"font-weight: 400;\">Weronika Lizakowska, bieg na 1500 metr\u00f3w<\/span><\/li>\n<li><span style=\"font-weight: 400;\">Olimpia Breza, bieg na 3000 metr\u00f3w<\/span><\/li>\n<li><span style=\"font-weight: 400;\">Marika Majewska, bieg na 60 metr\u00f3w przez p\u0142otki<\/span><\/li>\n<li><span style=\"font-weight: 400;\">Alicja Sielska, bieg na 60 metr\u00f3w przez p\u0142otki<\/span><\/li>\n<li><span style=\"font-weight: 400;\">Pia Skrzyszowska, bieg na 60 metr\u00f3w przez p\u0142otki<\/span><\/li>\n<li><span style=\"font-weight: 400;\">Nikola Horowska, skok w dal<\/span><\/li>\n<li><span style=\"font-weight: 400;\">Anna Matuszewicz, skok w dal<\/span><\/li>\n<li><span style=\"font-weight: 400;\">Zuzanna Ma\u015blana, pchni\u0119cie kul\u0105<\/span><\/li>\n<li><span style=\"font-weight: 400;\">Paulina Ligarska, pi\u0119ciob\u00f3j<\/span><\/li>\n<\/ul>\n<p><b>M\u0119\u017cczy\u017ani:<\/b><\/p>\n<ul>\n<li><span style=\"font-weight: 400;\">Oliwer Wdowik, bieg na 60 metr\u00f3w<\/span><\/li>\n<li><span style=\"font-weight: 400;\">Maksymilian Szwed, bieg na 400 metr\u00f3w<\/span><\/li>\n<li><span style=\"font-weight: 400;\">Bartosz Kitli\u0144ski, bieg na 800 metr\u00f3w<\/span><\/li>\n<li><span style=\"font-weight: 400;\">Patryk Sieradzki, bieg na 800 metr\u00f3w<\/span><\/li>\n<li><span style=\"font-weight: 400;\">Maciej Wyderka, bieg na 800 metr\u00f3w<\/span><\/li>\n<li><span style=\"font-weight: 400;\">Filip Rak, bieg na 1500 metr\u00f3w<\/span><\/li>\n<li><span style=\"font-weight: 400;\">Damian Czykier, bieg na 60 metr\u00f3w przez p\u0142otki<\/span><\/li>\n<li><span style=\"font-weight: 400;\">Krzysztof Kiljan, bieg na 60 metr\u00f3w przez p\u0142otki<\/span><\/li>\n<li><span style=\"font-weight: 400;\">Jakub Szyma\u0144ski, bieg na 60 metr\u00f3w przez p\u0142otki<\/span><\/li>\n<li><span style=\"font-weight: 400;\">Piotr Tarkowski, skok w dal<\/span><\/li>\n<li><span style=\"font-weight: 400;\">Piotr Lisek, skok o tyczce<\/span><\/li>\n<li><span style=\"font-weight: 400;\">Robert Sobera, skok o tyczce<\/span><\/li>\n<li><span style=\"font-weight: 400;\">Konrad Bukowiecki, pchni\u0119cie kul\u0105<\/span><\/li>\n<li><span style=\"font-weight: 400;\">Oliwer Wdowik, bieg na 60 metr\u00f3w<\/span><\/li>\n<li><span style=\"font-weight: 400;\">Maksymilian Szwed, bieg na 400 metr\u00f3w<\/span><\/li>\n<li><span style=\"font-weight: 400;\">Bartosz Kitli\u0144ski, bieg na 800 metr\u00f3w<\/span><\/li>\n<li><span style=\"font-weight: 400;\">Patryk Sieradzki, bieg na 800 metr\u00f3w<\/span><\/li>\n<li><span style=\"font-weight: 400;\">Maciej Wyderka, bieg na 800 metr\u00f3w<\/span><\/li>\n<li><span style=\"font-weight: 400;\">Filip Rak, bieg na 1500 metr\u00f3w<\/span><\/li>\n<li><span style=\"font-weight: 400;\">Damian Czykier, bieg na 60 metr\u00f3w przez p\u0142otki<\/span><\/li>\n<li><span style=\"font-weight: 400;\">Krzysztof Kiljan, bieg na 60 metr\u00f3w przez p\u0142otki<\/span><\/li>\n<li><span style=\"font-weight: 400;\">Jakub Szyma\u0144ski, bieg na 60 metr\u00f3w przez p\u0142otki<\/span><\/li>\n<li><span style=\"font-weight: 400;\">Piotr Tarkowski, skok w dal<\/span><\/li>\n<li><span style=\"font-weight: 400;\">Piotr Lisek, skok o tyczce<\/span><\/li>\n<li><span style=\"font-weight: 400;\">Robert Sobera, skok o tyczce<\/span><\/li>\n<li><span style=\"font-weight: 400;\">Konrad Bukowiecki, pchni\u0119cie kul\u0105<\/span><\/li>\n<\/ul>\n<h2><b>SZCZEG\u00d3\u0141OWY PROGRAM 38 HME W APELDOORN<\/b><\/h2>\n<p><span style=\"font-weight: 400;\">Kiedy b\u0119dzie mo\u017cna ogl\u0105da\u0107 zmagania lekkoatlet\u00f3w? Poznaj szczeg\u00f3\u0142owy harmonogram mistrzowskiego turnieju i przygotuj si\u0119 do \u015bledzenia ich rywalizacji w LV BET!<\/span><\/p>\n<p><b>6 marca 2025 r. (czwartek), godz. 17.00 &#8211; 22.00 \u2013 sesja wieczorna:<\/b><\/p>\n<p><span style=\"font-weight: 400;\">godz. 17.30<\/span><\/p>\n<p><span style=\"font-weight: 400;\">ceremonia otwarcia<\/span><\/p>\n<p><span style=\"font-weight: 400;\">godz. 18.20<\/span><\/p>\n<p><span style=\"font-weight: 400;\">skok wzwy\u017c m\u0119\u017cczyzn (eliminacje)<\/span><\/p>\n<p><span style=\"font-weight: 400;\">godz. 18.35<\/span><\/p>\n<p><span style=\"font-weight: 400;\">Tr\u00f3jskok kobiet (eliminacje)<\/span><\/p>\n<p><span style=\"font-weight: 400;\">godz. 19.05<\/span><\/p>\n<p><span style=\"font-weight: 400;\">skok o tyczne kobiet (eliminacje)<\/span><\/p>\n<p><span style=\"font-weight: 400;\">godz. 19.10<\/span><\/p>\n<p><span style=\"font-weight: 400;\">1500 m kobiet (runda 1)<\/span><\/p>\n<p><span style=\"font-weight: 400;\">godz. 19.55<\/span><\/p>\n<p><span style=\"font-weight: 400;\">1500 m m\u0119\u017cczyzn (runda 1)<\/span><\/p>\n<p><span style=\"font-weight: 400;\">godz. 20.30<\/span><\/p>\n<p><span style=\"font-weight: 400;\">skok w dal m\u0119\u017cczyzn (eliminacje)<\/span><\/p>\n<p><span style=\"font-weight: 400;\">godz. 20.50<\/span><\/p>\n<p><span style=\"font-weight: 400;\">60 m pp\u0142 kobiet (runda 1)<\/span><\/p>\n<p><span style=\"font-weight: 400;\">godz. 21.17<\/span><\/p>\n<p><span style=\"font-weight: 400;\">60 m pp\u0142 m\u0119\u017cczyzn (runda 1)<\/span><\/p>\n<p><span style=\"font-weight: 400;\">godz. 21.50<\/span><\/p>\n<p><span style=\"font-weight: 400;\">4&#215;400 m mikst (fina\u0142)<\/span><\/p>\n<p><b>7 marca 2025 r. (pi\u0105tek), godz. 9.30 &#8211; 14.15 \u2013 sesja poranna, godz. 18.50 &#8211; 21.55 \u2013 sesja wieczorna:<\/b><\/p>\n<p><span style=\"font-weight: 400;\">godz. 9.30<\/span><\/p>\n<p><span style=\"font-weight: 400;\">siedmiob\u00f3j &#8211; 60 m<\/span><\/p>\n<p><span style=\"font-weight: 400;\">godz. 10.15<\/span><\/p>\n<p><span style=\"font-weight: 400;\">siedmiob\u00f3j \u2013 skok w dal<\/span><\/p>\n<p><span style=\"font-weight: 400;\">godz. 10.15<\/span><\/p>\n<p><span style=\"font-weight: 400;\">800 m kobiet<\/span><\/p>\n<p><span style=\"font-weight: 400;\">godz. 11.00<\/span><\/p>\n<p><span style=\"font-weight: 400;\">skok wzwy\u017c kobiet (eliminacje)<\/span><\/p>\n<p><span style=\"font-weight: 400;\">godz. 11.05<\/span><\/p>\n<p><span style=\"font-weight: 400;\">800 m m\u0119\u017cczyzn (runda 1)<\/span><\/p>\n<p><span style=\"font-weight: 400;\">godz. 11.42<\/span><\/p>\n<p><span style=\"font-weight: 400;\">skok w dal kobiet (eliminacje)<\/span><\/p>\n<p><span style=\"font-weight: 400;\">godz. 11.55<\/span><\/p>\n<p><span style=\"font-weight: 400;\">400 m kobiet (runda 1)<\/span><\/p>\n<p><span style=\"font-weight: 400;\">godz. 12.45<\/span><\/p>\n<p><span style=\"font-weight: 400;\">400 m m\u0119\u017cczyzn (runda 1)<\/span><\/p>\n<p><span style=\"font-weight: 400;\">godz. 12.58 siedmiob\u00f3j \u2013 pchni\u0119cie kul\u0105<\/span><\/p>\n<p><span style=\"font-weight: 400;\">godz. 13.40<\/span><\/p>\n<p><span style=\"font-weight: 400;\">tr\u00f3jskok m\u0119\u017cczyzn (eliminacje)<\/span><\/p>\n<p><span style=\"font-weight: 400;\">godz. 13.45<\/span><\/p>\n<p><span style=\"font-weight: 400;\">60 m pp\u0142 kobiet (p\u00f3\u0142fina\u0142y)<\/span><\/p>\n<p><span style=\"font-weight: 400;\">godz. 14.05<\/span><\/p>\n<p><span style=\"font-weight: 400;\">60 m pp\u0142 m\u0119\u017cczyzn (p\u00f3\u0142fina\u0142y)<\/span><\/p>\n<p><span style=\"font-weight: 400;\">godz. 18.50<\/span><\/p>\n<p><span style=\"font-weight: 400;\">tr\u00f3jskok kobiet (fina\u0142)<\/span><\/p>\n<p><span style=\"font-weight: 400;\">godz. 19.00<\/span><\/p>\n<p><span style=\"font-weight: 400;\">siedmiob\u00f3j (skok wzwy\u017c)<\/span><\/p>\n<p><span style=\"font-weight: 400;\">godz. 19.05<\/span><\/p>\n<p><span style=\"font-weight: 400;\">skok o tyczne m\u0119\u017cczyzn (eliminacje)<\/span><\/p>\n<p><span style=\"font-weight: 400;\">godz. 19.58<\/span><\/p>\n<p><span style=\"font-weight: 400;\">400 m kobiet (p\u00f3\u0142fina\u0142y)<\/span><\/p>\n<p><span style=\"font-weight: 400;\">godz. 20.19<\/span><\/p>\n<p><span style=\"font-weight: 400;\">400 m m\u0119\u017cczyzn (p\u00f3\u0142fina\u0142y)<\/span><\/p>\n<p><span style=\"font-weight: 400;\">godz. 20.34<\/span><\/p>\n<p><span style=\"font-weight: 400;\">skok w dal (fina\u0142)<\/span><\/p>\n<p><span style=\"font-weight: 400;\">godz. 21.00<\/span><\/p>\n<p><span style=\"font-weight: 400;\">1500 m kobiet (fina\u0142)<\/span><\/p>\n<p><span style=\"font-weight: 400;\">godz. 21.15<\/span><\/p>\n<p><span style=\"font-weight: 400;\">1500 m m\u0119\u017cczyzn (fina\u0142)<\/span><\/p>\n<p><span style=\"font-weight: 400;\">godz. 21.43<\/span><\/p>\n<p><span style=\"font-weight: 400;\">60 m pp\u0142 kobiet (fina\u0142)<\/span><\/p>\n<p><span style=\"font-weight: 400;\">godz. 21.53<\/span><\/p>\n<p><span style=\"font-weight: 400;\">60 m pp\u0142 m\u0119\u017cczyzn (fina\u0142<\/span><\/p>\n<p><b>8 marca 2025 r. (sobota), godz. 1.00 &#8211; 13.30 \u2013 sesja poranna, godz. 18.40 &#8211; 21.55 \u2013 sesja wieczorna:<\/b><\/p>\n<p><span style=\"font-weight: 400;\">godz. 10.00<\/span><\/p>\n<p><span style=\"font-weight: 400;\">siedmiob\u00f3j (60 m pp\u0142)<\/span><\/p>\n<p><span style=\"font-weight: 400;\">godz. 10.20<\/span><\/p>\n<p><span style=\"font-weight: 400;\">3000 m kobiet (runda 1)<\/span><\/p>\n<p><span style=\"font-weight: 400;\">godz. 10.50<\/span><\/p>\n<p><span style=\"font-weight: 400;\">pchni\u0119cie kul\u0105 kobiet (eliminacje)<\/span><\/p>\n<p><span style=\"font-weight: 400;\">godz. 11.00<\/span><\/p>\n<p><span style=\"font-weight: 400;\">siedmiob\u00f3j (skok o tyczce)<\/span><\/p>\n<p><span style=\"font-weight: 400;\">godz. 12.00<\/span><\/p>\n<p><span style=\"font-weight: 400;\">60 m m\u0119\u017cczyzn (runda 1)<\/span><\/p>\n<p><span style=\"font-weight: 400;\">godz. 12.40<\/span><\/p>\n<p><span style=\"font-weight: 400;\">skok w dal m\u0119\u017cczyzn (para)<\/span><\/p>\n<p><span style=\"font-weight: 400;\">godz. 12.45<\/span><\/p>\n<p><span style=\"font-weight: 400;\">3000 m m\u0119\u017cczyzn (runda 1)<\/span><\/p>\n<p><span style=\"font-weight: 400;\">godz. 13.17<\/span><\/p>\n<p><span style=\"font-weight: 400;\">60 m kobiet (para)<\/span><\/p>\n<p><span style=\"font-weight: 400;\">godz. 18.40<\/span><\/p>\n<p><span style=\"font-weight: 400;\">tr\u00f3jskok m\u0119\u017cczyzn (fina\u0142)<\/span><\/p>\n<p><span style=\"font-weight: 400;\">godz. 19.10<\/span><\/p>\n<p><span style=\"font-weight: 400;\">60 m m\u0119\u017cczyzn (p\u00f3\u0142fina\u0142y)<\/span><\/p>\n<p><span style=\"font-weight: 400;\">godz. 19.35<\/span><\/p>\n<p><span style=\"font-weight: 400;\">skok o tyczce kobiet (fina\u0142)<\/span><\/p>\n<p><span style=\"font-weight: 400;\">godz. 19.53<\/span><\/p>\n<p><span style=\"font-weight: 400;\">800 m kobiet (p\u00f3\u0142fina\u0142y)<\/span><\/p>\n<p><span style=\"font-weight: 400;\">godz. 20.09<\/span><\/p>\n<p><span style=\"font-weight: 400;\">skok wzwy\u017c m\u0119\u017cczyzn (fina\u0142)<\/span><\/p>\n<p><span style=\"font-weight: 400;\">godz. 20.13<\/span><\/p>\n<p><span style=\"font-weight: 400;\">800 m m\u0119\u017cczyzn (p\u00f3\u0142fina\u0142y)<\/span><\/p>\n<p><span style=\"font-weight: 400;\">godz. 20.29<\/span><\/p>\n<p><span style=\"font-weight: 400;\">skok w dal kobiet (fina\u0142)<\/span><\/p>\n<p><span style=\"font-weight: 400;\">godz. 20.45<\/span><\/p>\n<p><span style=\"font-weight: 400;\">siedmiob\u00f3j &#8211; 1000 m (fina\u0142)<\/span><\/p>\n<p><span style=\"font-weight: 400;\">godz. 21.10<\/span><\/p>\n<p><span style=\"font-weight: 400;\">400 m m\u0119\u017cczyzn (fina\u0142)<\/span><\/p>\n<p><span style=\"font-weight: 400;\">godz. 21.40<\/span><\/p>\n<p><span style=\"font-weight: 400;\">60 m m\u0119\u017cczyzn (fina\u0142<\/span><\/p>\n<p><span style=\"font-weight: 400;\">godz. 21.50<\/span><\/p>\n<p><span style=\"font-weight: 400;\">400 m kobiet (fina\u0142)<\/span><\/p>\n<p><b>9 marca 2025 r. (niedziela), godz. 9.00 &#8211; 13.00 \u2013 sesja poranna, godz. 15.10 &#8211; 18.55 \u2013 sesja wieczorna:<\/b><\/p>\n<p><span style=\"font-weight: 400;\">godz. 9.00<\/span><\/p>\n<p><span style=\"font-weight: 400;\">pi\u0119ciob\u00f3j (60 m pp\u0142)<\/span><\/p>\n<p><span style=\"font-weight: 400;\">godz. 9.50<\/span><\/p>\n<p><span style=\"font-weight: 400;\">pi\u0119ciob\u00f3j (skok wzwy\u017c)<\/span><\/p>\n<p><span style=\"font-weight: 400;\">godz. 10.05<\/span><\/p>\n<p><span style=\"font-weight: 400;\">pchni\u0119cie kul\u0105 m\u0119\u017cczyzn (eliminacje)<\/span><\/p>\n<p><span style=\"font-weight: 400;\">godz. 12.00<\/span><\/p>\n<p><span style=\"font-weight: 400;\">60 m kobiet (runda 1)<\/span><\/p>\n<p><span style=\"font-weight: 400;\">godz. 12.21<\/span><\/p>\n<p><span style=\"font-weight: 400;\">pi\u0119ciob\u00f3j (pchni\u0119cie kul\u0105)<\/span><\/p>\n<p><span style=\"font-weight: 400;\">godz. 15.10<\/span><\/p>\n<p><span style=\"font-weight: 400;\">pi\u0119ciob\u00f3j (skok w dal)<\/span><\/p>\n<p><span style=\"font-weight: 400;\">godz. 16.05<\/span><\/p>\n<p><span style=\"font-weight: 400;\">60 m kobiet (p\u00f3\u0142fina\u0142y)<\/span><\/p>\n<p><span style=\"font-weight: 400;\">godz. 16.28<\/span><\/p>\n<p><span style=\"font-weight: 400;\">pchni\u0119cie kul\u0105 (fina\u0142)<\/span><\/p>\n<p><span style=\"font-weight: 400;\">godz. 16.33<\/span><\/p>\n<p><span style=\"font-weight: 400;\">800 m kobiet (fina\u0142)<\/span><\/p>\n<p><span style=\"font-weight: 400;\">godz. 16.42<\/span><\/p>\n<p><span style=\"font-weight: 400;\">skok o tyczne (fina\u0142)<\/span><\/p>\n<p><span style=\"font-weight: 400;\">godz. 16.50<\/span><\/p>\n<p><span style=\"font-weight: 400;\">3000 m m\u0119\u017cczyzn (fina\u0142)<\/span><\/p>\n<p><span style=\"font-weight: 400;\">godz. 17.05<\/span><\/p>\n<p><span style=\"font-weight: 400;\">skok wzwy\u017c kobiet (fina\u0142)<\/span><\/p>\n<p><span style=\"font-weight: 400;\">godz. 17.27<\/span><\/p>\n<p><span style=\"font-weight: 400;\">800 m m\u0119\u017cczyzn (fina\u0142)<\/span><\/p>\n<p><span style=\"font-weight: 400;\">godz. 17.36<\/span><\/p>\n<p><span style=\"font-weight: 400;\">3000 m kobiet (fina\u0142)<\/span><\/p>\n<p><span style=\"font-weight: 400;\">godz. 17.52<\/span><\/p>\n<p><span style=\"font-weight: 400;\">pchni\u0119cie kul\u0105 kobiet (fina\u0142)<\/span><\/p>\n<p><span style=\"font-weight: 400;\">godz. 18.03<\/span><\/p>\n<p><span style=\"font-weight: 400;\">pi\u0119ciob\u00f3j (800 m, fina\u0142)<\/span><\/p>\n<p><span style=\"font-weight: 400;\">godz. 18.24<\/span><\/p>\n<p><span style=\"font-weight: 400;\">4&#215;400 m m\u0119\u017cczyzn (fina\u0142)<\/span><\/p>\n<p><span style=\"font-weight: 400;\">godz. 18.37<\/span><\/p>\n<p><span style=\"font-weight: 400;\">60 m kobiet (fina\u0142)<\/span><\/p>\n<p><span style=\"font-weight: 400;\">godz. 18.50<\/span><\/p>\n<p><span style=\"font-weight: 400;\">4 x 400 m kobiet (fina\u0142)<\/span><\/p>\n<h2><b>INNE WA\u017bNE IMPREZY LEKKOATLETYCZNE W SEZONIE 2025<\/b><\/h2>\n<p><span style=\"font-weight: 400;\">Po mistrzostwach Starego Kontynentu lekkoatleci zmierz\u0105 si\u0119 we wspomnianym czempionacie \u015bwiata w Chinach. Nast\u0119pnie sportowcy rozpoczn\u0105 przygotowania do sezonu na otwartym stadionie. Ten rozpocznie si\u0119 ju\u017c w kwietniu, kiedy zaplanowano pierwsze<strong> mityngi Diamentowej Ligi 2025<\/strong> i nowego <strong>cyklu Grand Slam Track Meetings<\/strong>. Najwa\u017cniejsz\u0105 imprez\u0105 sezonu b\u0119d\u0105 <strong>Mistrzostwa \u015awiata w Tokio<\/strong> (13\u201321 wrze\u015bnia 2025 r.).<\/span><\/p>\n<h2><b>GDZIE OGL\u0104DA\u0106 ZMAGANIA PODCZAS HALOWYCH ME 2025<\/b><\/h2>\n<p><span style=\"font-weight: 400;\">Zmagania najlepszych lekkoatlet\u00f3w Starego Kontynentu w Apeldoorn b\u0119d\u0105 transmitowane w TVP Sport, za\u015b streaming b\u0119dzie dost\u0119pny w aplikacji mobilnej publicznego nadawcy. <\/span><strong>Plan transmisji telewizyjnych Halowych Mistrzostw Europy Apeldoorn 2025:<\/strong><\/p>\n<ul>\n<li><span style=\"font-weight: 400;\">6 marca 2025 r. (czwartek), godz. 18.30<\/span><\/li>\n<li><span style=\"font-weight: 400;\">7 marca 2025 r. (pi\u0105tek), godz. 9.15 i 19.40<\/span><\/li>\n<li><span style=\"font-weight: 400;\">8 marca 2025 r. (sobota), godz. 9.40 i 18.30<\/span><\/li>\n<li><span style=\"font-weight: 400;\">9 marca 2025 r. (niedziela), godz.\u00a0 8.35 i 15.25<\/span><\/li>\n<\/ul>\n<h2><b>TYPY I KURSY BUKMCHERSKIE NA 38 HME APELDOORN 2025<\/b><\/h2>\n<p><span style=\"font-weight: 400;\"><a href=\"https:\/\/lvbet.pl\/blog\/lekkoatletyka\/\" target=\"_blank\" rel=\"noopener\">Lekkoatletyka<\/a> jest Twoim konikiem? Sprawd\u017a swoj\u0105 wiedz\u0119 i umiej\u0119tno\u015bci w <a href=\"https:\/\/lvbet.pl\/pl\/zaklady-bukmacherskie\/\" target=\"_blank\" rel=\"noopener\">zak\u0142adach bukmacherskich<\/a> LV BET! W serwisie internetowym oraz w <a href=\"https:\/\/lvbet.pl\/pl\/pobierz-aplikacje-mobilna\/\" target=\"_blank\" rel=\"noopener\">aplikacji mobilnej<\/a> tego legalnego bukmachera znajdziesz wyb\u00f3r rynk\u00f3w oraz atrakcyjne kursy na zbli\u017caj\u0105ce si\u0119 zawody w Holandii. Postaw swoje <strong>szcz\u0119\u015bliwe kupony na lekkoatletyk\u0119<\/strong> ju\u017c dzi\u015b w LV BET!<\/span><\/p>\n<h2><b>LEKKOATLETYKA W LV BET<\/b><\/h2>\n<p><span style=\"font-weight: 400;\">Faworyci wybranej konkurencji, wyst\u0119py Polak\u00f3w, bicie rekord\u00f3w \u2013 to tylko niekt\u00f3re z typ\u00f3w, kt\u00f3re mo\u017cesz obstawi\u0107 w LV BET. Niezale\u017cnie od tego, jakie rynki chcesz obstawi\u0107, swoj\u0105 zabaw\u0119 rozpocznij od <strong>dok\u0142adnej analizy bukmacherskiej<\/strong>. Dzi\u0119ki niej wska\u017cesz pewne typy i wygrasz w LV BET!<\/span><\/p>\n","protected":false},"excerpt":{"rendered":"<p>Najwa\u017cniejsza impreza lekkoatletyczna w sezonie zimowym zbli\u017ca si\u0119 wielkimi krokami! 38. Halowe Mistrzostwa Europy w Lekkoatletyce Apeldoorn to te\u017c \u015bwietna &hellip;<\/p><\/div>\n<div class=\"read-more\"> <a class=\"\" href=\"https:\/\/lvbet.pl\/blog\/halowe-me-w-lekkoatletyce-apeldoorn-2025\/\"> <span class=\"screen-reader-text\">38 HALOWE MISTRZOSTWA EUROPY W LEKKOATLETYCE APELDOORN 2025<\/span> Czytaj wi\u0119cej<\/a><\/p>\n","protected":false},"author":3,"featured_media":26536,"comment_status":"closed","ping_status":"open","sticky":false,"template":"","format":"standard","meta":{"_acf_changed":false,"fifu_image_url":"","fifu_image_alt":"","footnotes":""},"categories":[94],"tags":[],"class_list":["post-26535","post","type-post","status-publish","format-standard","has-post-thumbnail","hentry","category-lekkoatletyka"],"acf":[],"_links":{"self":[{"href":"https:\/\/blog.lvbet.pl\/wp-json\/wp\/v2\/posts\/26535","targetHints":{"allow":["GET","POST","PUT","PATCH"]}}],"collection":[{"href":"https:\/\/blog.lvbet.pl\/wp-json\/wp\/v2\/posts"}],"about":[{"href":"https:\/\/blog.lvbet.pl\/wp-json\/wp\/v2\/types\/post"}],"author":[{"embeddable":true,"href":"https:\/\/blog.lvbet.pl\/wp-json\/wp\/v2\/users\/3"}],"replies":[{"embeddable":true,"href":"https:\/\/blog.lvbet.pl\/wp-json\/wp\/v2\/comments?post=26535"}],"version-history":[{"count":4,"href":"https:\/\/blog.lvbet.pl\/wp-json\/wp\/v2\/posts\/26535\/revisions"}],"predecessor-version":[{"id":26541,"href":"https:\/\/blog.lvbet.pl\/wp-json\/wp\/v2\/posts\/26535\/revisions\/26541"}],"wp:featuredmedia":[{"embeddable":true,"href":"https:\/\/blog.lvbet.pl\/wp-json\/wp\/v2\/media\/26536"}],"wp:attachment":[{"href":"https:\/\/blog.lvbet.pl\/wp-json\/wp\/v2\/media?parent=26535"}],"wp:term":[{"taxonomy":"category","embeddable":true,"href":"https:\/\/blog.lvbet.pl\/wp-json\/wp\/v2\/categories?post=26535"},{"taxonomy":"post_tag","embeddable":true,"href":"https:\/\/blog.lvbet.pl\/wp-json\/wp\/v2\/tags?post=26535"}],"curies":[{"name":"wp","href":"https:\/\/api.w.org\/{rel}","templated":true}]}}