{"id":26412,"date":"2025-02-24T10:08:56","date_gmt":"2025-02-24T09:08:56","guid":{"rendered":"https:\/\/lvbet.pl\/blog\/?p=26412"},"modified":"2025-02-24T10:23:34","modified_gmt":"2025-02-24T09:23:34","slug":"wyscig-kolarski-gran-fondo-strade-bianche-2025","status":"publish","type":"post","link":"https:\/\/lvbet.pl\/blog\/wyscig-kolarski-gran-fondo-strade-bianche-2025\/","title":{"rendered":"WY\u015aCIG KOLARSKI GRAN FONDO STRADE BIANCHE 2025"},"content":{"rendered":"<p><strong>Przed nami w\u0142oski wy\u015bcig kolarski, tradycyjnie otwieraj\u0105cy europejski tour! Przygotowali\u015bmy najwa\u017cniejsze informacje o <a href=\"https:\/\/lvbet.pl\/pl\/zaklady-bukmacherskie\/kolarstwo\/swiat\/--\/21\/24734\/\" target=\"_blank\" rel=\"noopener\">Gran Fondo Strade Bianche<\/a>, kt\u00f3re u\u0142atwi\u0105 Ci <a href=\"https:\/\/lvbet.pl\/pl\/zaklady-bukmacherskie\/kolarstwo\/--\/21\/\" target=\"_blank\" rel=\"noopener\">typowanie kolarstwa<\/a> w LV BET!<\/strong><\/p>\n<h2><b>NAJWA\u017bNIEJSZE INFORMACJE DOTYCZ\u0104CE WY\u015aCIGU GRAN FONDO STRADE BIANCHE<\/b><\/h2>\n<p><span style=\"font-weight: 400;\"><img loading=\"lazy\" decoding=\"async\" class=\"size-medium wp-image-26413 alignleft\" src=\"https:\/\/lvbet.pl\/blog\/wp-content\/uploads\/2025\/02\/blog-Wyscig-kolarski-Gran-Fondo-Strade-Bianche-2025-400x160.webp\" alt=\"Wy\u015bcig kolarski Gran Fondo Strade Bianche 2025 | LV BET Blog\" width=\"400\" height=\"160\" srcset=\"https:\/\/blog.lvbet.pl\/wp-content\/uploads\/2025\/02\/blog-Wyscig-kolarski-Gran-Fondo-Strade-Bianche-2025-400x160.webp 400w, https:\/\/blog.lvbet.pl\/wp-content\/uploads\/2025\/02\/blog-Wyscig-kolarski-Gran-Fondo-Strade-Bianche-2025-1024x410.webp 1024w, https:\/\/blog.lvbet.pl\/wp-content\/uploads\/2025\/02\/blog-Wyscig-kolarski-Gran-Fondo-Strade-Bianche-2025-768x308.webp 768w, https:\/\/blog.lvbet.pl\/wp-content\/uploads\/2025\/02\/blog-Wyscig-kolarski-Gran-Fondo-Strade-Bianche-2025-1536x615.webp 1536w, https:\/\/blog.lvbet.pl\/wp-content\/uploads\/2025\/02\/blog-Wyscig-kolarski-Gran-Fondo-Strade-Bianche-2025.webp 1920w\" sizes=\"auto, (max-width: 400px) 100vw, 400px\" \/>Strade Bianche, wcze\u015bniej znany jako Monte Paschi Eroica (2007\u20132008) i Montepaschi Strade Bianche (2009\u20132011), to kolarski wy\u015bcig jednodniowy. Tradycyjnie odbywa si\u0119 co roku w marcu, a peleton przeje\u017cd\u017ca w okolicach Sieny we w\u0142oskiej Toskanii. Od 2015 r. r\u00f3wnocze\u015bnie rozgrywany jest wy\u015bcig kobiet \u2013 <strong>Strade Bianche Donne<\/strong>.<\/span><\/p>\n<p><span style=\"font-weight: 400;\"><strong>Wy\u015bcig otwiera sezon wiosennych wy\u015bcig\u00f3w jednodniowych w Europie.<\/strong> Wyj\u0105tkiem by\u0142a edycja w 2020 r., gdy ze wzgl\u0119du na pandemi\u0119 COVID-19 zawody rozegrane zosta\u0142y latem.<\/span><\/p>\n<h3><b>TRASA 10 EDYCJI WY\u015aCIGU STRADE BIANCHE<\/b><\/h3>\n<p><span style=\"font-weight: 400;\">Kolarze b\u0119d\u0105 si\u0119 \u015bciga\u0107 na bardzo podobnej trasie jak rok temu. Nowo\u015bci\u0105 b\u0119dzie jedynie nowy szutrowy sektor Serravalle, kt\u00f3ry znalaz\u0142 si\u0119 zar\u00f3wno na trasie m\u0119\u017cczyzn, jak i kobiet. Niby niewielka zmiana, ale b\u0119dzie oznacza\u0142a, \u017ce na zawodnik\u00f3w w tym roku czeka prawie 81,7 kilometr\u00f3w \u015bcigania po szutrze. <strong>D\u0142ugo\u015b\u0107 Strade Bianche nie uleg\u0142a zmianie i wyniesie 213 kilometr\u00f3w. <\/strong><\/span><span style=\"font-weight: 400;\">Kolarze wystartuj\u0105 i zako\u0144cz\u0105 wy\u015bcig w Sienie. Na trasie ich wy\u015bcigu znajd\u0105 si\u0119:<\/span><\/p>\n<ul>\n<li><span style=\"font-weight: 400;\">Vidritta \u2013 4,4 km<\/span><\/li>\n<li><span style=\"font-weight: 400;\">Bagnnaia \u2013 4,8 km<\/span><\/li>\n<li><span style=\"font-weight: 400;\">Rdi \u2013 4,4 km<\/span><\/li>\n<li><span style=\"font-weight: 400;\">La Piana &#8211; 6,4 km<\/span><\/li>\n<li><span style=\"font-weight: 400;\">Lucignanno d\u2019Asso \u2013 11,9 km<\/span><\/li>\n<li><span style=\"font-weight: 400;\">Pieve a Sallti \u2013 8 km<\/span><\/li>\n<li><span style=\"font-weight: 400;\">Serravelle \u2013 9,3 km<\/span><\/li>\n<li><span style=\"font-size: 16px; font-weight: 400;\">Martino in Grania \u2013 9,4 km<\/span><\/li>\n<li><span style=\"font-weight: 400;\">Monte Sante Marie \u2013 11,5 km<\/span><\/li>\n<li><span style=\"font-weight: 400;\">Monnteaperti \u2013 0,6 km<\/span><\/li>\n<li><span style=\"font-weight: 400;\">Colle Pinzuto \u2013 2,4 km<\/span><\/li>\n<li><span style=\"font-weight: 400;\">Le Tolfe \u2013 1,1 km<\/span><\/li>\n<li><span style=\"font-weight: 400;\">Strade del Castagno \u2013 0,7 km<\/span><\/li>\n<li><span style=\"font-weight: 400;\">Montechiaro 3,3 km<\/span><\/li>\n<li><span style=\"font-weight: 400;\">Colle Pinzuto \u2013 2,4 km<\/span><\/li>\n<li><span style=\"font-weight: 400;\">Le Tolfe \u2013 1,1 km<\/span><\/li>\n<\/ul>\n<p><span style=\"font-weight: 400;\">Peleton ma do pokonania \u0142\u0105cznie 81,7 km.<\/span><\/p>\n<h2><b>PRZEBIEG WY\u015aCIGU GRAN FONDO STRADE BIANCHE W 2024 ROKU<\/b><\/h2>\n<p><span style=\"font-weight: 400;\">W ubieg\u0142ym roku odby\u0142a si\u0119 18. edycja wy\u015bcigu kolarskiego Strade Bianche. Peleton wyjecha\u0142 na drogi w okolicach Sieny i pokona\u0142 w sumie 215 km. Impreza kategorii 1. UWT wchodzi\u0142a w sk\u0142ad <strong>UCI World Tour 2024<\/strong>. <\/span><span style=\"font-weight: 400;\">Na starcie stan\u0119\u0142o 175 zawodnik\u00f3w z 25 team\u00f3w. Zmagania uko\u0144czy\u0142o 105 kolarzy. Sw\u00f3j sukces po raz kolejny powt\u00f3rzy\u0142 Tadej Pogacar, a w rywalizacji kobiet najlepsza by\u0142a Lotte Kopecky. <\/span><strong>Zwyci\u0119zcy Strade Bianche 2024:<\/strong><\/p>\n<p><strong>M\u0119\u017cczy\u017ani:<\/strong><\/p>\n<ol>\n<li><span style=\"font-weight: 400;\"> miejsce \u2013 Tadej Pogacar (UAE Team Emirates)<\/span><\/li>\n<li><span style=\"font-weight: 400;\"> miejsce \u2013 Toms Skujins (Lidl-Trek)<\/span><\/li>\n<li><span style=\"font-weight: 400;\"> miejsce \u2013 Maxim Van Gils (Lotto Dstny)<\/span><\/li>\n<\/ol>\n<p><strong>Kobiety:<\/strong><\/p>\n<ol>\n<li><span style=\"font-weight: 400;\"> miejsce \u2013 Lotte Kopecky (Team SC Worx)<\/span><\/li>\n<li><span style=\"font-weight: 400;\"> miejsce \u2013 Elisa Longo Borghini (Lidl-Trek)<\/span><\/li>\n<li><span style=\"font-weight: 400;\"> miejsce \u2013 Demi Vollering (Team SD Worx)<\/span><\/li>\n<\/ol>\n<h2><b>UCZESTNICY WY\u015aCIGU GRAN FONDO STRADE BIANCHE 2025<\/b><\/h2>\n<p><span style=\"font-weight: 400;\">Do rywalizacji podejdzie zespo\u0142\u00f3w. Na li\u015bcie startowej znajd\u0105 si\u0119 zawodnicy nast\u0119puj\u0105cych team\u00f3w:<\/span><\/p>\n<ul>\n<li><span style=\"font-weight: 400;\">Alpecin \u2013 Deceuninck<\/span><\/li>\n<li><span style=\"font-weight: 400;\">Arkea \u2013 B&amp;B Hotels<\/span><\/li>\n<li><span style=\"font-weight: 400;\">Bahrain Victorious<\/span><\/li>\n<li><span style=\"font-weight: 400;\">Cofidis<\/span><\/li>\n<li><span style=\"font-weight: 400;\">Decathlon AG2R La Mondiale Team<\/span><\/li>\n<li><span style=\"font-weight: 400;\">EF Education \u2013 Easypost<\/span><\/li>\n<li><span style=\"font-weight: 400;\">Groupama \u2013 FDJ<\/span><\/li>\n<li><span style=\"font-weight: 400;\">Ineos Grenadiers<\/span><\/li>\n<li><span style=\"font-weight: 400;\">Intermarche \u2013 Wanty<\/span><\/li>\n<li><span style=\"font-weight: 400;\">Israel \u2013 Premier Tech<\/span><\/li>\n<li><span style=\"font-weight: 400;\">Lidl \u2013 Trek<\/span><\/li>\n<li><span style=\"font-weight: 400;\">Lotto<\/span><\/li>\n<li><span style=\"font-weight: 400;\">Movistar Team<\/span><\/li>\n<li><span style=\"font-weight: 400;\">Q36.5 Pro Cycling Team<\/span><\/li>\n<li><span style=\"font-weight: 400;\">RedBull \u2013 Bora \u2013 Hansgrohe<\/span><\/li>\n<li><span style=\"font-weight: 400;\">Solution Tech Vini Fantini<\/span><\/li>\n<li><span style=\"font-weight: 400;\">Soudal Quick-Step<\/span><\/li>\n<li><span style=\"font-weight: 400;\">Team Jayco Alula<\/span><\/li>\n<li><span style=\"font-weight: 400;\">Team Picnic Postnl<\/span><\/li>\n<li><span style=\"font-weight: 400;\">Team Polti Visitmalta<\/span><\/li>\n<li><span style=\"font-weight: 400;\">Team Visma | Lease a Bike<\/span><\/li>\n<li><span style=\"font-weight: 400;\">Tydor Pro Cycling Team<\/span><\/li>\n<li><span style=\"font-weight: 400;\">UAE Team Emirates<\/span><\/li>\n<li><span style=\"font-weight: 400;\">Uno-X Mobility<\/span><\/li>\n<li><span style=\"font-weight: 400;\">XDS Astana Team<\/span><\/li>\n<\/ul>\n<h2><b>HARMONOGRAM WY\u015aCIG\u00d3W UCI WORLDTOUR W SEZONIE 2025<\/b><\/h2>\n<p><span style=\"font-weight: 400;\">W kalendarzu <strong>UCI World Tour w 2025 r.<\/strong> znalaz\u0142o si\u0119 36 wy\u015bcig\u00f3w. Kolarze b\u0119d\u0105 mierzyli si\u0119 na drogach w 13 pa\u0144stwach, na 4 r\u00f3\u017cnych kontynentach. W sumie zaplanowano 171 dni wy\u015bcigowych. Zmagania rozpocz\u0119\u0142y si\u0119 21 stycznia 2025 r. w Australii, a zako\u0144cz\u0105 19 pa\u017adziernika 2025 r. wy\u015bcigiem w Chinach. <\/span><span style=\"font-weight: 400;\">Wa\u017cna zmiana dotyczy Tour de Pologne, kt\u00f3re rozegrane b\u0119dzie w dn. 4-10 sierpnia 2025 r. Po raz pierwszy od 10 lat nie b\u0119dzie pokrywa\u0142o si\u0119 z \u017cadnym innym wy\u015bcigiem World Tour.<\/span><\/p>\n<p><b>Pe\u0142ny kalendarz UCI World Tour 2025:<\/b><\/p>\n<ul>\n<li><span style=\"font-weight: 400;\"> \u00a0 <\/span> <span style=\"font-weight: 400;\">21-26 stycznia: Santos Tour Down Under (Australia)<\/span><\/li>\n<li><span style=\"font-weight: 400;\"> \u00a0 <\/span> <span style=\"font-weight: 400;\">2 lutego: Cadel Evans Great Ocean Road Race (Australia)<\/span><\/li>\n<li><span style=\"font-weight: 400;\"> \u00a0 <\/span> <span style=\"font-weight: 400;\">17-23 lutego: UAE Tour (Zjednoczone Emiraty Arabskie)<\/span><\/li>\n<li><span style=\"font-weight: 400;\"> \u00a0 <\/span> <span style=\"font-weight: 400;\">1 marca: Omloop Nieuwsblad (Belgia)<\/span><\/li>\n<li><span style=\"font-weight: 400;\"> \u00a0 <\/span> <span style=\"font-weight: 400;\">8 marca: Strade Bianche (W\u0142ochy)<\/span><\/li>\n<li><span style=\"font-weight: 400;\"> \u00a0 <\/span> <span style=\"font-weight: 400;\">9-16 marca: Pary\u017c-Nicea (Francja)<\/span><\/li>\n<li><span style=\"font-weight: 400;\"> \u00a0 <\/span> <span style=\"font-weight: 400;\">10-16 marca: Tirreno-Adriatico (W\u0142ochy)<\/span><\/li>\n<li><span style=\"font-weight: 400;\"> \u00a0 <\/span> <span style=\"font-weight: 400;\">22 marca: Mediolan \u2013 San Remo (W\u0142ochy)<\/span><\/li>\n<li><span style=\"font-weight: 400;\"> \u00a0 <\/span> <span style=\"font-weight: 400;\">24-30 marca: Volta Ciclista a Catalunya (Hiszpania)<\/span><\/li>\n<li><span style=\"font-weight: 400;\"> \u00a0 <\/span> <span style=\"font-weight: 400;\">26 marca: Classic Brugge-De Panne (Belgia)<\/span><\/li>\n<li><span style=\"font-weight: 400;\"> \u00a0 <\/span> <span style=\"font-weight: 400;\">28 marca: E3 Saxo Classic (Belgia)<\/span><\/li>\n<li><span style=\"font-weight: 400;\"> \u00a0 <\/span> <span style=\"font-weight: 400;\">30 marca: Gandawa-Wevelgem (Belgia)<\/span><\/li>\n<li><span style=\"font-weight: 400;\"> \u00a0 <\/span> <span style=\"font-weight: 400;\">2 kwietnia: Dwars door Vlaanderen \u2013 \u00c0 travers la Flandre (Belgia)<\/span><\/li>\n<li><span style=\"font-weight: 400;\"> \u00a0 <\/span> <span style=\"font-weight: 400;\">6 kwietnia: Ronde van Vlaanderen (Belgia)<\/span><\/li>\n<li><span style=\"font-weight: 400;\"> \u00a0 <\/span> <span style=\"font-weight: 400;\">7-12 kwietnia: Itzulia Basque Country (Hiszpania)<\/span><\/li>\n<li><span style=\"font-weight: 400;\"> \u00a0 <\/span> <span style=\"font-weight: 400;\">13 kwietnia: Pary\u017c-Roubaix (Francja)<\/span><\/li>\n<li><span style=\"font-weight: 400;\"> \u00a0 <\/span> <span style=\"font-weight: 400;\">20 kwietnia: Amstel Gold Race (Holandia)<\/span><\/li>\n<li><span style=\"font-weight: 400;\"> \u00a0 <\/span> <span style=\"font-weight: 400;\">23 kwietnia: La Fl\u00e8che Wallonne (Belgia)<\/span><\/li>\n<li><span style=\"font-weight: 400;\"> \u00a0 <\/span> <span style=\"font-weight: 400;\">27 kwietnia: Li\u00e8ge-Bastogne-Li\u00e8ge (Belgia)<\/span><\/li>\n<li><span style=\"font-weight: 400;\"> \u00a0 <\/span> <span style=\"font-weight: 400;\">29 kwietnia \u2013 4 maja: Tour de Romandie (Szwajcaria)<\/span><\/li>\n<li><span style=\"font-weight: 400;\"> \u00a0 <\/span> <span style=\"font-weight: 400;\">1 maja: Eschborn-Frankfurt (Niemcy)<\/span><\/li>\n<li><span style=\"font-weight: 400;\"> \u00a0 <\/span> <span style=\"font-weight: 400;\">10 maja \u2013 1 czerwca: Giro d\u2019Italia (W\u0142ochy)<\/span><\/li>\n<li><span style=\"font-weight: 400;\"> \u00a0 <\/span> <span style=\"font-weight: 400;\">8-15 czerwca: Crit\u00e9rium du Dauphin\u00e9 (Francja)<\/span><\/li>\n<li><span style=\"font-weight: 400;\"> \u00a0 <\/span> <span style=\"font-weight: 400;\">15-22 czerwca: Tour de Suisse (Szwajcaria)<\/span><\/li>\n<li><span style=\"font-weight: 400;\"> \u00a0 <\/span> <span style=\"font-weight: 400;\">22 czerwca: Copenhagen Race (Dania)<\/span><\/li>\n<li><span style=\"font-weight: 400;\"> \u00a0 <\/span> <span style=\"font-weight: 400;\">5-27 lipca: Tour de France (Francja)<\/span><\/li>\n<li><span style=\"font-weight: 400;\"> \u00a0 <\/span> <span style=\"font-weight: 400;\">2 sierpnia: Donostia San Sebasti\u00e1n Klasikoa (Hiszpania)<\/span><\/li>\n<li><span style=\"font-weight: 400;\"> \u00a0 <\/span> <b>4-10 sierpnia: Tour de Pologne (Polska)<\/b><\/li>\n<li><span style=\"font-weight: 400;\"> \u00a0 <\/span> <span style=\"font-weight: 400;\">17 sierpnia: BEMER Cyclassics (Niemcy)<\/span><\/li>\n<li><span style=\"font-weight: 400;\"> \u00a0 <\/span> <span style=\"font-weight: 400;\">20-24 sierpnia: Renewi Tour (Belgia)<\/span><\/li>\n<li><span style=\"font-weight: 400;\"> \u00a0 <\/span> <span style=\"font-weight: 400;\">23 sierpnia \u2013 14 wrze\u015bnia: La Vuelta Ciclista a Espa\u00f1a (Hiszpania)<\/span><\/li>\n<li><span style=\"font-weight: 400;\"> \u00a0 <\/span> <span style=\"font-weight: 400;\">31 sierpnia: Bretagne Classic \u2013 Ouest-France (Francja)<\/span><\/li>\n<li><span style=\"font-weight: 400;\"> \u00a0 <\/span> <span style=\"font-weight: 400;\">12 wrze\u015bnia: Grand Prix Cycliste de Qu\u00e9bec (Kanada)<\/span><\/li>\n<li><span style=\"font-weight: 400;\"> \u00a0 <\/span> <span style=\"font-weight: 400;\">14 wrze\u015bnia: Grand Prix Cycliste de Montr\u00e9al (Kanada)<\/span><\/li>\n<li><span style=\"font-weight: 400;\"> \u00a0 <\/span> <span style=\"font-weight: 400;\">11 pa\u017adziernika: Il Lombardia (W\u0142ochy)<\/span><\/li>\n<li><span style=\"font-weight: 400;\"> \u00a0 <\/span> <span style=\"font-weight: 400;\">14-19 pa\u017adziernika: Gree-Tour of Guangxi (Chiny)<\/span><\/li>\n<\/ul>\n<h2><b>TYPY I KURSY BUKMACHERSKIE NA WY\u015aCIG STRADE BIANCHE 2025<\/b><\/h2>\n<p><span style=\"font-weight: 400;\"><a href=\"https:\/\/lvbet.pl\/blog\/kolarstwo\/\" target=\"_blank\" rel=\"noopener\">Kolarstwo<\/a> to jedna z kilkudziesi\u0119ciu dyscyplin sportowych, kt\u00f3rej wyniki mo\u017cesz typowa\u0107 w <a href=\"https:\/\/lvbet.pl\/pl\/\" target=\"_blank\" rel=\"noopener\">zak\u0142adach bukmacherskich<\/a> LV BET! Nowy sezon zmaga\u0144 najlepszych kolarzy \u015bwiata ju\u017c ruszy\u0142, a wi\u0119c w serwisie internetowym i w <a href=\"https:\/\/lvbet.pl\/pl\/pobierz-aplikacje-mobilna\/\" target=\"_blank\" rel=\"noopener\">aplikacji mobilnej<\/a> znajdziesz ciekawe mo\u017cliwo\u015bci obstawiania wszystkich najwa\u017cniejszych rywalizacji, w tym <strong>w\u0142oskiego wy\u015bcigu Stade Bianche 2025<\/strong>. Jeste\u015b gotowy na kolarskie wyzwanie? Postaw swoje typy ju\u017c dzi\u015b!<\/span><\/p>\n<h3><b>OKIEM REDAKCJI: FAWORYCI WY\u015aCIGU WE W\u0141OSKIEJ TOSKANII<\/b><\/h3>\n<p><span style=\"font-weight: 400;\"><strong>Tadej Pogacar<\/strong> to dwukrotny zwyci\u0119zca wy\u015bcigu w Toskanii. W tym roku r\u00f3wnie\u017c typowany jest na faworyta. Eksperci przewiduj\u0105, \u017ce \u2013 podobnie jak we wcze\u015bniejszych wyst\u0119pach \u2013 swoje zwyci\u0119stwo przypiecz\u0119tuje jeszcze w pierwszej po\u0142owie zmaga\u0144.<\/span><\/p>\n<h2><b>KOLARSTWO W LV BET<\/b><\/h2>\n<p><span style=\"font-weight: 400;\">Polscy fani kolarstwa czekaj\u0105 na <strong>Tour de Pologne<\/strong>, kt\u00f3re pierwszy raz od 10 lat b\u0119dzie jedynymi zawodami w tym terminie. Czy do naszego kraju przyjedzie \u015bwiatowa czo\u0142\u00f3wka? \u015aled\u017a informacje o zespo\u0142ach i wy\u015bcigach na bie\u017c\u0105co, przeprowadzaj analizy bukmacherskie i <a href=\"https:\/\/lvbet.pl\/pl\/zaklady-bukmacherskie\/kolarstwo\/--\/21\/\" target=\"_blank\" rel=\"noopener\">typuj kolarstwo<\/a> w LV BET! Dzi\u0119ki odpowiedniemu przygotowaniu zminimalizujesz ponoszone ryzyko i wygrasz!<\/span><\/p>\n","protected":false},"excerpt":{"rendered":"<p>Przed nami w\u0142oski wy\u015bcig kolarski, tradycyjnie otwieraj\u0105cy europejski tour! Przygotowali\u015bmy najwa\u017cniejsze informacje o Gran Fondo Strade Bianche, kt\u00f3re u\u0142atwi\u0105 Ci &hellip;<\/p><\/div>\n<div class=\"read-more\"> <a class=\"\" href=\"https:\/\/lvbet.pl\/blog\/wyscig-kolarski-gran-fondo-strade-bianche-2025\/\"> <span class=\"screen-reader-text\">WY\u015aCIG KOLARSKI GRAN FONDO STRADE BIANCHE 2025<\/span> Czytaj wi\u0119cej<\/a><\/p>\n","protected":false},"author":3,"featured_media":26413,"comment_status":"closed","ping_status":"open","sticky":false,"template":"","format":"standard","meta":{"_acf_changed":false,"fifu_image_url":"","fifu_image_alt":"","footnotes":""},"categories":[17],"tags":[],"class_list":["post-26412","post","type-post","status-publish","format-standard","has-post-thumbnail","hentry","category-kolarstwo"],"acf":[],"_links":{"self":[{"href":"https:\/\/blog.lvbet.pl\/wp-json\/wp\/v2\/posts\/26412","targetHints":{"allow":["GET","POST","PUT","PATCH"]}}],"collection":[{"href":"https:\/\/blog.lvbet.pl\/wp-json\/wp\/v2\/posts"}],"about":[{"href":"https:\/\/blog.lvbet.pl\/wp-json\/wp\/v2\/types\/post"}],"author":[{"embeddable":true,"href":"https:\/\/blog.lvbet.pl\/wp-json\/wp\/v2\/users\/3"}],"replies":[{"embeddable":true,"href":"https:\/\/blog.lvbet.pl\/wp-json\/wp\/v2\/comments?post=26412"}],"version-history":[{"count":4,"href":"https:\/\/blog.lvbet.pl\/wp-json\/wp\/v2\/posts\/26412\/revisions"}],"predecessor-version":[{"id":26418,"href":"https:\/\/blog.lvbet.pl\/wp-json\/wp\/v2\/posts\/26412\/revisions\/26418"}],"wp:featuredmedia":[{"embeddable":true,"href":"https:\/\/blog.lvbet.pl\/wp-json\/wp\/v2\/media\/26413"}],"wp:attachment":[{"href":"https:\/\/blog.lvbet.pl\/wp-json\/wp\/v2\/media?parent=26412"}],"wp:term":[{"taxonomy":"category","embeddable":true,"href":"https:\/\/blog.lvbet.pl\/wp-json\/wp\/v2\/categories?post=26412"},{"taxonomy":"post_tag","embeddable":true,"href":"https:\/\/blog.lvbet.pl\/wp-json\/wp\/v2\/tags?post=26412"}],"curies":[{"name":"wp","href":"https:\/\/api.w.org\/{rel}","templated":true}]}}