{"id":1264,"date":"2021-03-05T13:01:18","date_gmt":"2021-03-05T12:01:18","guid":{"rendered":"https:\/\/lvbet.pl\/blog\/?p=1264"},"modified":"2021-03-09T16:06:51","modified_gmt":"2021-03-09T15:06:51","slug":"ufc-259-blachowicz-adesanya","status":"publish","type":"post","link":"https:\/\/lvbet.pl\/blog\/ufc-259-blachowicz-adesanya\/","title":{"rendered":"UFC 259: B\u0142achowicz &#8211; Adesanya"},"content":{"rendered":"<p><strong><img loading=\"lazy\" decoding=\"async\" class=\"size-medium wp-image-1265 alignleft\" src=\"https:\/\/lvbet.pl\/blog\/wp-content\/uploads\/2021\/03\/Bez-nazwy-400x160.png\" alt=\"\" width=\"400\" height=\"160\" srcset=\"https:\/\/blog.lvbet.pl\/wp-content\/uploads\/2021\/03\/Bez-nazwy-400x160.png 400w, https:\/\/blog.lvbet.pl\/wp-content\/uploads\/2021\/03\/Bez-nazwy-1024x410.png 1024w, https:\/\/blog.lvbet.pl\/wp-content\/uploads\/2021\/03\/Bez-nazwy-768x308.png 768w, https:\/\/blog.lvbet.pl\/wp-content\/uploads\/2021\/03\/Bez-nazwy-1536x615.png 1536w, https:\/\/blog.lvbet.pl\/wp-content\/uploads\/2021\/03\/Bez-nazwy.png 1920w\" sizes=\"auto, (max-width: 400px) 100vw, 400px\" \/>W nocy z soboty na niedziel\u0119 czasu polskiego w Las Vegas odb\u0119dzie si\u0119 gala UFC 259. Na to wydarzenie czekaj\u0105 wszyscy polscy kibice mieszanych sztuk walki, poniewa\u017c walk\u0105 wieczoru b\u0119dzie tam starcie Jan B\u0142achowicz &#8211; Israel Adesanya. B\u0142achowicz spr\u00f3buje obroni\u0107 wywalczony we wrze\u015bniu 2020 roku pas mistrzowski w wadze p\u00f3\u0142ci\u0119\u017ckiej.<\/strong><\/p>\n<h2>Bilans Adesanyi<\/h2>\n<p>Cho\u0107 Jan B\u0142achowicz b\u0119dzie broni\u0142 pasa UFC, to nie jest faworytem walki w Las Vegas. Israel Adesanya, mieszkaj\u0105cy w Nowej Zelandii zawodnik nigeryjskiego pochodzenia, jest aktualnie mistrzem w kategorii \u015bredniej, a teraz powalczy o tytu\u0142 w wadze p\u00f3\u0142ci\u0119\u017ckiej. Podziw budzi te\u017c jego bilans zawodowych walk &#8211; 31-latek stoczy\u0142 20 pojedynk\u00f3w i wygra\u0142 wszystkie, z czego a\u017c 15 przez nokaut! W UFC debiutowa\u0142 w 2018 roku, a ju\u017c w 2019 r. wywalczy\u0142 pas &#8211; na gali UFC 243 pokona\u0142 Roberta Whittakera.<\/p>\n<h2>Bilans B\u0142achowicza<\/h2>\n<p>B\u0142achowicz nie mo\u017ce si\u0119 poszczyci\u0107 tak samo efektownym bilansem. Polak w swojej zawodowej karierze stoczy\u0142 35 walk &#8211; wygra\u0142 27 z nich, a osiem przegra\u0142. Zawodnikiem UFC jest za\u015b od 2014 roku. Na tytu\u0142 mistrza musia\u0142 jednak poczeka\u0107 do\u015b\u0107 d\u0142ugo &#8211; zosta\u0142 nim dopiero we wrze\u015bniu ubieg\u0142ego roku, kiedy to na gali UFC 253 pokona\u0142 Dominica Reyesa. W samym UFC ma za\u015b bilans 10-5, ale od pa\u017adziernika 2017 roku przegra\u0142 tylko raz &#8211; niemal\u017ce dok\u0142adnie dwa lata temu podczas gali w Pradze przez TKO pokona\u0142 go Brazylijczyk Thiago Santos. Od tamtej pory wojownik z Cieszyna odni\u00f3s\u0142 cztery kolejne zwyci\u0119stwa i w najbli\u017cszy weekend spr\u00f3buje przed\u0142u\u017cy\u0107 t\u0119 seri\u0119.<\/p>\n<h2>Konferencja prasowa<\/h2>\n<p>&#8211; <em>Dojrza\u0142em mentalnie do takich wydarze\u0144. Nie stresuj\u0119 si\u0119 tym, co dzieje si\u0119 wok\u00f3\u0142 mnie. Teraz wiem, jak odpowiednio przygotowa\u0107 si\u0119 do tak wa\u017cnej walki. Dlatego do Las Vegas przylecia\u0142em ponad dwa tygodnie przed pojedynkiem, aby nie mie\u0107 problem\u00f3w z aklimatyzacj\u0105. Jestem po prostu szcz\u0119\u015bliwy, \u017ce mog\u0119 broni\u0107 mojego pasa w starciu z kim\u015b takim jak Israel Adesanya. Jestem podekscytowany i nie mog\u0119 si\u0119 doczeka\u0107 wej\u015bcia do oktagonu<\/em> &#8211; m\u00f3wi\u0142 przed walk\u0105 B\u0142achowicz.<\/p>\n<p>&#8211; <em>Adesanya zdominowa\u0142 wag\u0119 \u015bredni\u0105 i szuka nowych wyzwa\u0144. Gdybym by\u0142 na jego miejscu, zrobi\u0142bym to samo. Dlatego nie jestem zaskoczony, \u017ce przeni\u00f3s\u0142 si\u0119 do kategorii p\u00f3\u0142ci\u0119\u017ckiej. Ale wydaje mi si\u0119, \u017ce jestem zdecydowanie bardziej wszechstronny od niego. Przecie\u017c nikt nie wie, jak on porusza si\u0119 w parterze. Je\u017celi nasza walka przejdzie do parteru, to ja b\u0119d\u0119 g\u00f3rowa\u0142. W &#8222;st\u00f3jce&#8221; wydaje si\u0119, \u017ce jeste\u015bmy sobie r\u00f3wni. Oczywi\u015bcie b\u0119d\u0119 musia\u0142 uwa\u017ca\u0107 na jego kopni\u0119cia, bo ma zdecydowanie lepsz\u0105 prac\u0119 n\u00f3g<\/em> &#8211; doda\u0142 polski wojownik.<\/p>\n<h2>O kt\u00f3rej godzinie walka?<\/h2>\n<p>Gala UFC 259 odb\u0119dzie si\u0119 w nocy z soboty na niedziel\u0119 czasu polskiego. Jej start przewidziano na 2:30, natomiast g\u0142\u00f3wna karta walk rozpocznie si\u0119 o 4:00. Starcie B\u0142achowicz &#8211; Adesanya jest walk\u0105 wieczoru, dlatego te\u017c nale\u017cy si\u0119 spodziewa\u0107, \u017ce obaj zawodnicy wejd\u0105 do oktagonu nie wcze\u015bniej, ni\u017c o godz. 5:00 czasu polskiego.<\/p>\n<h2>Kursy na walk\u0119 B\u0142achowicz &#8211; Adesanya<\/h2>\n<p>Zdaniem bukmachera LV BET faworytem walki b\u0119dzie Israel Adesanya, kt\u00f3ry cho\u0107 jest m\u0142odszy i przynajmniej w teorii mniej do\u015bwiadczony, nigdy nie przegra\u0142 zawodowego pojedynku. Kurs na jego zwyci\u0119stwo wynosi 1.45, z kolei kurs na wygran\u0105 B\u0142achowicza to 2.55.<\/p>\n","protected":false},"excerpt":{"rendered":"<p>W nocy z soboty na niedziel\u0119 czasu polskiego w Las Vegas odb\u0119dzie si\u0119 gala UFC 259. Na to wydarzenie czekaj\u0105 &hellip;<\/p><\/div>\n<div class=\"read-more\"> <a class=\"\" href=\"https:\/\/lvbet.pl\/blog\/ufc-259-blachowicz-adesanya\/\"> <span class=\"screen-reader-text\">UFC 259: B\u0142achowicz &#8211; Adesanya<\/span> Czytaj wi\u0119cej<\/a><\/p>\n","protected":false},"author":4,"featured_media":1273,"comment_status":"open","ping_status":"open","sticky":false,"template":"","format":"standard","meta":{"_acf_changed":false,"fifu_image_url":"https:\/\/lvbet.pl\/blog\/wp-content\/uploads\/2021\/03\/Bez-nazwy-400x160.png","fifu_image_alt":"UFC 259: B\u0142achowicz \u2013 Adesanya","footnotes":""},"categories":[75],"tags":[165,163,164],"class_list":["post-1264","post","type-post","status-publish","format-standard","has-post-thumbnail","hentry","category-sporty-walki-ufc","tag-israel-adesanya","tag-jan-blachowicz","tag-ufc"],"acf":[],"_links":{"self":[{"href":"https:\/\/blog.lvbet.pl\/wp-json\/wp\/v2\/posts\/1264","targetHints":{"allow":["GET","POST","PUT","PATCH"]}}],"collection":[{"href":"https:\/\/blog.lvbet.pl\/wp-json\/wp\/v2\/posts"}],"about":[{"href":"https:\/\/blog.lvbet.pl\/wp-json\/wp\/v2\/types\/post"}],"author":[{"embeddable":true,"href":"https:\/\/blog.lvbet.pl\/wp-json\/wp\/v2\/users\/4"}],"replies":[{"embeddable":true,"href":"https:\/\/blog.lvbet.pl\/wp-json\/wp\/v2\/comments?post=1264"}],"version-history":[{"count":4,"href":"https:\/\/blog.lvbet.pl\/wp-json\/wp\/v2\/posts\/1264\/revisions"}],"predecessor-version":[{"id":1272,"href":"https:\/\/blog.lvbet.pl\/wp-json\/wp\/v2\/posts\/1264\/revisions\/1272"}],"wp:featuredmedia":[{"embeddable":true,"href":"https:\/\/blog.lvbet.pl\/wp-json\/wp\/v2\/media\/1273"}],"wp:attachment":[{"href":"https:\/\/blog.lvbet.pl\/wp-json\/wp\/v2\/media?parent=1264"}],"wp:term":[{"taxonomy":"category","embeddable":true,"href":"https:\/\/blog.lvbet.pl\/wp-json\/wp\/v2\/categories?post=1264"},{"taxonomy":"post_tag","embeddable":true,"href":"https:\/\/blog.lvbet.pl\/wp-json\/wp\/v2\/tags?post=1264"}],"curies":[{"name":"wp","href":"https:\/\/api.w.org\/{rel}","templated":true}]}}